{"id":49,"count":8,"description":"Itt azokat az esem\u00e9nyeinket l\u00e1thatod, melyek a k\u00f6rnyezet\u00fcnkr\u0151l gondoskodnak, illetve a term\u00e9szetr\u0151l \u00e9s annak m\u0171k\u00f6d\u00e9s\u00e9r\u0151l sz\u00f3lnak. \r\nHa \u00fagy \u00e9rzed tenned kell valamit, vagy sz\u00edvesen kapcsol\u00f3dsz hasonl\u00f3 \u00e9rt\u00e9krend\u0171 szem\u00e9lyekkel, akkor v\u00e1runk szeretettel!","link":"https:\/\/atalakulo.hu\/holnap\/civilla\/category\/zold-esemenyek\/","name":"Z\u00f6ld esem\u00e9nyek","slug":"zold-esemenyek","taxonomy":"category","parent":0,"meta":[],"_links":{"self":[{"href":"https:\/\/atalakulo.hu\/holnap\/civilla\/wp-json\/wp\/v2\/categories\/49","targetHints":{"allow":["GET"]}}],"collection":[{"href":"https:\/\/atalakulo.hu\/holnap\/civilla\/wp-json\/wp\/v2\/categories"}],"about":[{"href":"https:\/\/atalakulo.hu\/holnap\/civilla\/wp-json\/wp\/v2\/taxonomies\/category"}],"wp:post_type":[{"href":"https:\/\/atalakulo.hu\/holnap\/civilla\/wp-json\/wp\/v2\/posts?categories=49"}],"curies":[{"name":"wp","href":"https:\/\/api.w.org\/{rel}","templated":true}]}}