{"id":54,"count":3,"description":"Itt azokat a esem\u00e9nyeket l\u00e1tod, amik a tud\u00e1smegoszt\u00e1snak \u00e9s szakmai kapcsol\u00f3d\u00e1soknak adnak teret \u00e9s id\u0151t. \r\nGyere \u00e9s n\u00f6vekedj\u00fcnk, fejl\u0151dj\u00fcnk egy\u00fctt!","link":"https:\/\/atalakulo.hu\/holnap\/civilla\/category\/kepzesek\/","name":"K\u00e9pz\u00e9sek, konferenci\u00e1k","slug":"kepzesek","taxonomy":"category","parent":0,"meta":[],"_links":{"self":[{"href":"https:\/\/atalakulo.hu\/holnap\/civilla\/wp-json\/wp\/v2\/categories\/54","targetHints":{"allow":["GET"]}}],"collection":[{"href":"https:\/\/atalakulo.hu\/holnap\/civilla\/wp-json\/wp\/v2\/categories"}],"about":[{"href":"https:\/\/atalakulo.hu\/holnap\/civilla\/wp-json\/wp\/v2\/taxonomies\/category"}],"wp:post_type":[{"href":"https:\/\/atalakulo.hu\/holnap\/civilla\/wp-json\/wp\/v2\/posts?categories=54"}],"curies":[{"name":"wp","href":"https:\/\/api.w.org\/{rel}","templated":true}]}}