{"id":1023,"date":"2025-06-04T12:09:39","date_gmt":"2025-06-04T10:09:39","guid":{"rendered":"https:\/\/atalakulo.hu\/holnap\/civilla\/?p=1023"},"modified":"2025-06-04T13:04:43","modified_gmt":"2025-06-04T11:04:43","slug":"szaytor-klub-megelhetes-a-homokon","status":"publish","type":"post","link":"https:\/\/atalakulo.hu\/holnap\/civilla\/2025\/06\/04\/szaytor-klub-megelhetes-a-homokon\/","title":{"rendered":"Szaytor Klub-Meg\u00e9lhet\u00e9s a homokon"},"content":{"rendered":"\t\t<div data-elementor-type=\"wp-post\" data-elementor-id=\"1023\" class=\"elementor elementor-1023\" data-elementor-post-type=\"post\">\n\t\t\t\t<div class=\"elementor-element elementor-element-41063217 e-flex e-con-boxed e-con e-parent\" data-id=\"41063217\" data-element_type=\"container\" data-e-type=\"container\">\n\t\t\t\t\t<div class=\"e-con-inner\">\n\t\t\t\t<div class=\"elementor-element elementor-element-6c7e009 elementor-widget elementor-widget-heading\" data-id=\"6c7e009\" data-element_type=\"widget\" data-e-type=\"widget\" data-widget_type=\"heading.default\">\n\t\t\t\t<div class=\"elementor-widget-container\">\n\t\t\t\t\t<h1 class=\"elementor-heading-title elementor-size-default\">Olga akt\u00edv nyugd\u00edjask\u00e9nt a term\u00e9szetv\u00e9delemnek, a t\u00e1j-ember kapcsolat\u00e1nak, valamint a nemzetk\u00f6zi slow food mozgalomnak szenteli minden idej\u00e9t. \n\n\u00cdgy b\u00e1r nem a Szatyor termel\u0151je, munk\u00e1ss\u00e1ga p\u00e9lda\u00e9rt\u00e9k\u0171 mindannyiunknak.<\/h1>\t\t\t\t<\/div>\n\t\t\t\t<\/div>\n\t\t\t\t\t<\/div>\n\t\t\t\t<\/div>\n\t\t<div class=\"elementor-element elementor-element-749f737e e-flex e-con-boxed e-con e-parent\" data-id=\"749f737e\" data-element_type=\"container\" data-e-type=\"container\">\n\t\t\t\t\t<div class=\"e-con-inner\">\n\t\t\t\t<div class=\"elementor-element elementor-element-25e7d662 elementor-widget elementor-widget-text-editor\" data-id=\"25e7d662\" data-element_type=\"widget\" data-e-type=\"widget\" data-widget_type=\"text-editor.default\">\n\t\t\t\t<div class=\"elementor-widget-container\">\n\t\t\t\t\t\t\t\t\t<p>2025. 06. 03 16.30-18.00<\/p><p>J\u00faniusi Szatyor Klub alkalmunk megh\u00edvott el\u0151ad\u00f3ja Rendek Olga, a kerekegyh\u00e1zi Rendek \u00d6kogazdas\u00e1g \u00e9s Tanyam\u00fazeum egyik tulajdonosa.<br class=\"html-br\" \/>Gazdas\u00e1gukban 17 termesztenek \u0151shonos \u00e9s alternat\u00edv n\u00f6v\u00e9nyeket, tartanak \u0151shonos \u00e1llatokat. A k\u00f6zel 20 hekt\u00e1ros birtok k\u00f6zep\u00e9n tal\u00e1lhat\u00f3 meg az a tanyai \u00e9p\u00fcletegy\u00fcttes, melyben a lak\u00f3h\u00e1z, gazdas\u00e1gi \u00e9p\u00fcletek mellett a Tanyam\u00fazeum is \u00e1ll. A szerte\u00e1gaz\u00f3 szellemi \u00e9s fizikai munk\u00e1t 4 gener\u00e1ci\u00f3 l\u00e1tja el egy\u00fctt.<\/p><div class=\"x11i5rnm xat24cr x1mh8g0r x1vvkbs xtlvy1s\"><div class=\"x11i5rnm xat24cr x1mh8g0r x1vvkbs xtlvy1s\">V\u00e1runk szeretettel, ha:<br class=\"html-br\" \/>&#8211; \u00e9rdekelnek a homokh\u00e1ts\u00e1gi termel\u00e9s kih\u00edv\u00e1sai,<br class=\"html-br\" \/>&#8211; ha szeretn\u00e9l egy pozit\u00edv kiskuns\u00e1gi p\u00e9ld\u00e1t \u00f6kogazdas\u00e1g m\u0171k\u00f6dtet\u00e9s\u00e9re,<br class=\"html-br\" \/>&#8211; vagy ha m\u00e9g nem hallott\u00e1l a Slow Food mozgalomr\u00f3l<br class=\"html-br\" \/><br class=\"html-br\" \/>A rendezv\u00e9ny INGYENES, de adom\u00e1nyokat sz\u00edvesen fogadunk!<\/div><p>\u00a0<\/p><div class=\"x11i5rnm xat24cr x1mh8g0r x1vvkbs xtlvy1s\">Az el\u0151ad\u00e1s ut\u00e1n termel\u0151i k\u00f3stol\u00f3val, finoms\u00e1gokkal k\u00e9sz\u00fcl\u00fcnk a r\u00e9sztvev\u0151knek.<br class=\"html-br\" \/>A gyerekeket is nyugodtan hozz\u00e1tok, sz\u00e1mukra gyereksarkot biztos\u00edtunk.<\/div><div class=\"x11i5rnm xat24cr x1mh8g0r x1vvkbs xtlvy1s\">&#8222;A projekt az Eur\u00f3pai Uni\u00f3 &#8222;Polg\u00e1rok, egyenl\u0151s\u00e9g, jogok<br class=\"html-br\" \/>\u00e9s \u00e9rt\u00e9kek\u201d (CERV) programj\u00e1nak t\u00e1mogat\u00e1s\u00e1val<br class=\"html-br\" \/>val\u00f3sul meg. Az Eur\u00f3pai Bizotts\u00e1g t\u00e1mogat\u00e1sa nem<br class=\"html-br\" \/>jelenti a projektben megval\u00f3s\u00edtott tev\u00e9kenys\u00e9gek<br class=\"html-br\" \/>tartalm\u00e1nak j\u00f3v\u00e1hagy\u00e1s\u00e1t, amely kiz\u00e1r\u00f3lag az azt<br class=\"html-br\" \/>megval\u00f3s\u00edt\u00f3k \u00e1ll\u00e1spontj\u00e1t t\u00fckr\u00f6zi, valamint a Bizotts\u00e1g<br class=\"html-br\" \/>nem tehet\u0151 felel\u0151ss\u00e9 ezen inform\u00e1ci\u00f3k b\u00e1rminem\u0171<br class=\"html-br\" \/>felhaszn\u00e1l\u00e1s\u00e1\u00e9rt.&#8221;<\/div><div>\u00a0<\/div><\/div><div>Regisztr\u00e1ci\u00f3s lap:<\/div>\t\t\t\t\t\t\t\t<\/div>\n\t\t\t\t<\/div>\n\t\t\t\t\t<\/div>\n\t\t\t\t<\/div>\n\t\t<div class=\"elementor-element elementor-element-f1c7c04 e-flex e-con-boxed e-con e-parent\" data-id=\"f1c7c04\" data-element_type=\"container\" data-e-type=\"container\">\n\t\t\t\t\t<div class=\"e-con-inner\">\n\t\t\t\t<div class=\"elementor-element elementor-element-17de3ced elementor-align-center animated-slow elementor-invisible elementor-widget elementor-widget-button\" data-id=\"17de3ced\" data-element_type=\"widget\" data-e-type=\"widget\" data-settings=\"{&quot;_animation&quot;:&quot;fadeIn&quot;}\" data-widget_type=\"button.default\">\n\t\t\t\t<div class=\"elementor-widget-container\">\n\t\t\t\t\t\t\t\t\t<div class=\"elementor-button-wrapper\">\n\t\t\t\t\t<a class=\"elementor-button elementor-button-link elementor-size-sm\" href=\"https:\/\/forms.gle\/ZLGjChvEGKX5xxU5A\">\n\t\t\t\t\t\t<span class=\"elementor-button-content-wrapper\">\n\t\t\t\t\t\t\t\t\t<span class=\"elementor-button-text\">Regisztr\u00e1lok<\/span>\n\t\t\t\t\t<\/span>\n\t\t\t\t\t<\/a>\n\t\t\t\t<\/div>\n\t\t\t\t\t\t\t\t<\/div>\n\t\t\t\t<\/div>\n\t\t\t\t\t<\/div>\n\t\t\t\t<\/div>\n\t\t<div class=\"elementor-element elementor-element-7cd38261 e-flex e-con-boxed e-con e-parent\" data-id=\"7cd38261\" data-element_type=\"container\" data-e-type=\"container\">\n\t\t\t\t\t<div class=\"e-con-inner\">\n\t\t\t\t<div class=\"elementor-element elementor-element-166ab009 elementor-widget elementor-widget-text-editor\" data-id=\"166ab009\" data-element_type=\"widget\" data-e-type=\"widget\" data-widget_type=\"text-editor.default\">\n\t\t\t\t<div class=\"elementor-widget-container\">\n\t\t\t\t\t\t\t\t\t<h4>&#8222;A projekt az Eur\u00f3pai Uni\u00f3 &#8222;Polg\u00e1rok, egyenl\u0151s\u00e9g, jogok \u00e9s \u00e9rt\u00e9kek\u201d (CERV) programj\u00e1nak t\u00e1mogat\u00e1s\u00e1val val\u00f3sul meg. Az Eur\u00f3pai Bizotts\u00e1g t\u00e1mogat\u00e1sa nem jelenti a projektben megval\u00f3s\u00edtott tev\u00e9kenys\u00e9gek tartalm\u00e1nak j\u00f3v\u00e1hagy\u00e1s\u00e1t, amely kiz\u00e1r\u00f3lag az azt megval\u00f3s\u00edt\u00f3k \u00e1ll\u00e1spontj\u00e1t t\u00fckr\u00f6zi, valamint a Bizotts\u00e1g nem tehet\u0151 felel\u0151ss\u00e9 ezen inform\u00e1ci\u00f3k b\u00e1rminem\u0171 felhaszn\u00e1l\u00e1s\u00e1\u00e9rt.&#8221;<\/h4>\t\t\t\t\t\t\t\t<\/div>\n\t\t\t\t<\/div>\n\t\t\t\t\t<\/div>\n\t\t\t\t<\/div>\n\t\t<div class=\"elementor-element elementor-element-6c983b7e e-flex e-con-boxed e-con e-parent\" data-id=\"6c983b7e\" data-element_type=\"container\" data-e-type=\"container\">\n\t\t\t\t\t<div class=\"e-con-inner\">\n\t\t\t\t<div class=\"elementor-element elementor-element-526d7841 title_hover_border_disable title-one-line section-title-align-center title-alignment-center section-title-style-style1 title_position_default img_hover_animation_default readmore-btn-default-style grid-hover-overlay-type-always grid-hover-overlay-height-default hover-overlay-height-default tpg-border-bottom-disable elementor-widget elementor-widget-tpg-grid-hover-layout\" data-id=\"526d7841\" data-element_type=\"widget\" data-e-type=\"widget\" data-widget_type=\"tpg-grid-hover-layout.default\">\n\t\t\t\t<div class=\"elementor-widget-container\">\n\t\t\t\t\t\n        <div class=\"rt-container-fluid rt-tpg-container tpg-el-main-wrapper grid_hover-layout2-main \"\n             id=\"rt-tpg-container-386115174\"\n             data-layout=\"grid_hover-layout2\"\n             data-sc-id=\"elementor\"\n             data-el-settings=''\n             data-el-query=''\n             data-el-path=''\n        >\n\t\t\t            <div class='tpg-header-wrapper '>\n\t\t\t\t\n        <div class=\"tpg-widget-heading-wrapper rt-clear heading-style1 \">\n            <span class=\"tpg-widget-heading-line line-left\"><\/span>\n            <h1 class='tpg-widget-heading'>\n            \n                                    <span>\n\t\t\t\t\t\tTov\u00e1bbi esem\u00e9nyeink\t\t\t\t\t<\/span>\n                    \n                            <\/h1>            <span class=\"tpg-widget-heading-line line-right\"><\/span>\n\n            \n        <\/div>\n\n        \n                    <\/div>\n\n            <div data-title=\"Loading ...\"\n                 class=\"rt-row rt-content-loader grid_hover-layout2 tpg-even grid-behaviour grid_hover_layout_wrapper\">\n\t\t\t\t\n<div class=\"rt-col-md-12 rt-col-sm-6 rt-col-xs-12 default rt-grid-hover-item rt-grid-item\" data-id=\"1023\">\n\t<div class=\"rt-holder tpg-post-holder \">\n\t\t<div class=\"rt-detail rt-el-content-wrapper\">\n\t\t\t\t\t\t\t<div class=\"rt-img-holder tpg-el-image-wrap has-thumbnail\">\n\t\t\t\t\t<a data-id=\"1023\" href=\"https:\/\/atalakulo.hu\/holnap\/civilla\/2025\/06\/04\/szaytor-klub-megelhetes-a-homokon\/\" class=\"tpg-post-link\" target=\"_self\">                        <img fetchpriority=\"high\" decoding=\"async\" src=\"https:\/\/atalakulo.hu\/holnap\/civilla\/wp-content\/uploads\/sites\/4\/2025\/06\/500244209_693688793372407_8567437461695684530_n-768x402.jpg\"\n                             class=\"rt-img-responsive\"\n                             width=\"768\"\n                             height=\"402\"\n                             alt=\"Szaytor Klub-Meg\u00e9lhet\u00e9s a homokon\">\n                        \n                            \n        <\/a>\n                <div class=\"overlay grid-hover-content\"><\/div>\n        \t\t\t\t<\/div>\n\t\t\t\n\t\t\t<div class=\"grid-hover-content\">\n\n\t\t\t\t<div class=\"entry-title-wrapper\"><h1 class=\"entry-title\"><a data-id=\"1023\" href=\"https:\/\/atalakulo.hu\/holnap\/civilla\/2025\/06\/04\/szaytor-klub-megelhetes-a-homokon\/\" class=\"tpg-post-link\" target=\"_self\">Szaytor Klub-Meg\u00e9lhet\u00e9s a homokon<\/a><\/h1><\/div>\n\n\t\t\t\t\n\t\t\t\t\t\t\t\t\t<div class=\"tpg-excerpt tpg-el-excerpt\">\n\t\t\t\t\t\t\t\t\t\t\t\t\t<div class=\"tpg-excerpt-inner\">\n\t\t\t\t\t\t\t\tOlga akt\u00edv nyugd\u00edjask\u00e9nt a term\u00e9szetv\u00e9delemnek, a t\u00e1j-ember kapcsolat\u00e1nak, valamint a nemzetk\u00f6zi...\t\t\t\t\t\t\t<\/div>\n\t\t\t\t\t\t\t\t\t\t\t\t\t\t\t\t\t<\/div>\n\t\t\t\t\n\t\t\t\t        <div class=\"post-footer\">\n            <div class=\"post-footer\">\n                <div class=\"read-more\">\n                    <a data-id=\"1023\" href=\"https:\/\/atalakulo.hu\/holnap\/civilla\/2025\/06\/04\/szaytor-klub-megelhetes-a-homokon\/\" class=\"tpg-post-link\" target=\"_self\">ELOLVASOM<\/a>                <\/div>\n            <\/div>\n        <\/div>\n        \t\t\t<\/div>\n\t\t<\/div>\n\t<\/div>\n<\/div>\n\n<div class=\"rt-col-md-12 rt-col-sm-6 rt-col-xs-12 default rt-grid-hover-item rt-grid-item\" data-id=\"994\">\n\t<div class=\"rt-holder tpg-post-holder \">\n\t\t<div class=\"rt-detail rt-el-content-wrapper\">\n\t\t\t\t\t\t\t<div class=\"rt-img-holder tpg-el-image-wrap has-thumbnail\">\n\t\t\t\t\t<a data-id=\"994\" href=\"https:\/\/atalakulo.hu\/holnap\/civilla\/2025\/03\/25\/szatyor-klub-ungvarine-s-eszterrel\/\" class=\"tpg-post-link\" target=\"_self\">                        <img decoding=\"async\" src=\"https:\/\/atalakulo.hu\/holnap\/civilla\/wp-content\/uploads\/sites\/4\/2025\/03\/Ungvarine-Sz.-Eszter-1920-x-1005-keppont-1200-x-800-keppont-1-768x512.png\"\n                             class=\"rt-img-responsive\"\n                             width=\"768\"\n                             height=\"512\"\n                             alt=\"Szatyor klub Ungv\u00e1rin\u00e9 S. Eszterrel\">\n                        \n                            \n        <\/a>\n                <div class=\"overlay grid-hover-content\"><\/div>\n        \t\t\t\t<\/div>\n\t\t\t\n\t\t\t<div class=\"grid-hover-content\">\n\n\t\t\t\t<div class=\"entry-title-wrapper\"><h1 class=\"entry-title\"><a data-id=\"994\" href=\"https:\/\/atalakulo.hu\/holnap\/civilla\/2025\/03\/25\/szatyor-klub-ungvarine-s-eszterrel\/\" class=\"tpg-post-link\" target=\"_self\">Szatyor klub Ungv\u00e1rin\u00e9 S. Eszterrel<\/a><\/h1><\/div>\n\n\t\t\t\t\n\t\t\t\t\t\t\t\t\t<div class=\"tpg-excerpt tpg-el-excerpt\">\n\t\t\t\t\t\t\t\t\t\t\t\t\t<div class=\"tpg-excerpt-inner\">\n\t\t\t\t\t\t\t\t2025. 04. 01. kedd, 16:30- 18:00 Eszter k\u00f6rnyezetgazd\u00e1lkod\u00e1si agr\u00e1rm\u00e9rn\u00f6k, biol\u00f3giai...\t\t\t\t\t\t\t<\/div>\n\t\t\t\t\t\t\t\t\t\t\t\t\t\t\t\t\t<\/div>\n\t\t\t\t\n\t\t\t\t        <div class=\"post-footer\">\n            <div class=\"post-footer\">\n                <div class=\"read-more\">\n                    <a data-id=\"994\" href=\"https:\/\/atalakulo.hu\/holnap\/civilla\/2025\/03\/25\/szatyor-klub-ungvarine-s-eszterrel\/\" class=\"tpg-post-link\" target=\"_self\">ELOLVASOM<\/a>                <\/div>\n            <\/div>\n        <\/div>\n        \t\t\t<\/div>\n\t\t<\/div>\n\t<\/div>\n<\/div>\n\n<div class=\"rt-col-md-12 rt-col-sm-6 rt-col-xs-12 default rt-grid-hover-item rt-grid-item\" data-id=\"974\">\n\t<div class=\"rt-holder tpg-post-holder \">\n\t\t<div class=\"rt-detail rt-el-content-wrapper\">\n\t\t\t\t\t\t\t<div class=\"rt-img-holder tpg-el-image-wrap has-thumbnail\">\n\t\t\t\t\t<a data-id=\"974\" href=\"https:\/\/atalakulo.hu\/holnap\/civilla\/2025\/03\/10\/iii-agrookologiai-napok\/\" class=\"tpg-post-link\" target=\"_self\">                        <img decoding=\"async\" src=\"https:\/\/atalakulo.hu\/holnap\/civilla\/wp-content\/uploads\/sites\/4\/2025\/03\/480814318_1044803934358910_9010016660359474014_n-768x284.jpg\"\n                             class=\"rt-img-responsive\"\n                             width=\"768\"\n                             height=\"284\"\n                             alt=\"III. Agro\u00f6kol\u00f3giai Napok\">\n                        \n                            \n        <\/a>\n                <div class=\"overlay grid-hover-content\"><\/div>\n        \t\t\t\t<\/div>\n\t\t\t\n\t\t\t<div class=\"grid-hover-content\">\n\n\t\t\t\t<div class=\"entry-title-wrapper\"><h1 class=\"entry-title\"><a data-id=\"974\" href=\"https:\/\/atalakulo.hu\/holnap\/civilla\/2025\/03\/10\/iii-agrookologiai-napok\/\" class=\"tpg-post-link\" target=\"_self\">III. Agro\u00f6kol\u00f3giai Napok<\/a><\/h1><\/div>\n\n\t\t\t\t\n\t\t\t\t\t\t\t\t\t<div class=\"tpg-excerpt tpg-el-excerpt\">\n\t\t\t\t\t\t\t\t\t\t\t\t\t<div class=\"tpg-excerpt-inner\">\n\t\t\t\t\t\t\t\tSzeretn\u00e9nk megh\u00edvni soron k\u00f6vetkez\u0151 rendezv\u00e9ny\u00fcnkre, ahol tagjaink bemutatj\u00e1k tev\u00e9kenys\u00e9geiket...\t\t\t\t\t\t\t<\/div>\n\t\t\t\t\t\t\t\t\t\t\t\t\t\t\t\t\t<\/div>\n\t\t\t\t\n\t\t\t\t        <div class=\"post-footer\">\n            <div class=\"post-footer\">\n                <div class=\"read-more\">\n                    <a data-id=\"974\" href=\"https:\/\/atalakulo.hu\/holnap\/civilla\/2025\/03\/10\/iii-agrookologiai-napok\/\" class=\"tpg-post-link\" target=\"_self\">ELOLVASOM<\/a>                <\/div>\n            <\/div>\n        <\/div>\n        \t\t\t<\/div>\n\t\t<\/div>\n\t<\/div>\n<\/div>\n\n<div class=\"rt-col-md-12 rt-col-sm-6 rt-col-xs-12 default rt-grid-hover-item rt-grid-item\" data-id=\"881\">\n\t<div class=\"rt-holder tpg-post-holder \">\n\t\t<div class=\"rt-detail rt-el-content-wrapper\">\n\t\t\t\t\t\t\t<div class=\"rt-img-holder tpg-el-image-wrap has-thumbnail\">\n\t\t\t\t\t<a data-id=\"881\" href=\"https:\/\/atalakulo.hu\/holnap\/civilla\/2025\/02\/25\/vegyszermentes-konyhakertesz-workshop\/\" class=\"tpg-post-link\" target=\"_self\">                        <img loading=\"lazy\" decoding=\"async\" src=\"https:\/\/atalakulo.hu\/holnap\/civilla\/wp-content\/uploads\/sites\/4\/2025\/02\/konyhakertesz-ws-768x512.jpg\"\n                             class=\"rt-img-responsive\"\n                             width=\"768\"\n                             height=\"512\"\n                             alt=\"Vegyszermentes konyhakert\u00e9sz workshop\">\n                        \n                            \n        <\/a>\n                <div class=\"overlay grid-hover-content\"><\/div>\n        \t\t\t\t<\/div>\n\t\t\t\n\t\t\t<div class=\"grid-hover-content\">\n\n\t\t\t\t<div class=\"entry-title-wrapper\"><h1 class=\"entry-title\"><a data-id=\"881\" href=\"https:\/\/atalakulo.hu\/holnap\/civilla\/2025\/02\/25\/vegyszermentes-konyhakertesz-workshop\/\" class=\"tpg-post-link\" target=\"_self\">Vegyszermentes konyhakert\u00e9sz workshop<\/a><\/h1><\/div>\n\n\t\t\t\t\n\t\t\t\t\t\t\t\t\t<div class=\"tpg-excerpt tpg-el-excerpt\">\n\t\t\t\t\t\t\t\t\t\t\t\t\t<div class=\"tpg-excerpt-inner\">\n\t\t\t\t\t\t\t\tV\u00e1ltoztasd meg \u00f6r\u00f6kre a kerted, teremts Ehet\u0151 Kertet! Kedves kert\u00e9szek \u00e9s kert\u00e9szkedni...\t\t\t\t\t\t\t<\/div>\n\t\t\t\t\t\t\t\t\t\t\t\t\t\t\t\t\t<\/div>\n\t\t\t\t\n\t\t\t\t        <div class=\"post-footer\">\n            <div class=\"post-footer\">\n                <div class=\"read-more\">\n                    <a data-id=\"881\" href=\"https:\/\/atalakulo.hu\/holnap\/civilla\/2025\/02\/25\/vegyszermentes-konyhakertesz-workshop\/\" class=\"tpg-post-link\" target=\"_self\">ELOLVASOM<\/a>                <\/div>\n            <\/div>\n        <\/div>\n        \t\t\t<\/div>\n\t\t<\/div>\n\t<\/div>\n<\/div>\n\n<div class=\"rt-col-md-12 rt-col-sm-6 rt-col-xs-12 default rt-grid-hover-item rt-grid-item\" data-id=\"850\">\n\t<div class=\"rt-holder tpg-post-holder \">\n\t\t<div class=\"rt-detail rt-el-content-wrapper\">\n\t\t\t\t\t\t\t<div class=\"rt-img-holder tpg-el-image-wrap has-thumbnail\">\n\t\t\t\t\t<a data-id=\"850\" href=\"https:\/\/atalakulo.hu\/holnap\/civilla\/2025\/02\/24\/forgacs-monika-homoktol-az-elo-kert-fele\/\" class=\"tpg-post-link\" target=\"_self\">                        <img loading=\"lazy\" decoding=\"async\" src=\"https:\/\/atalakulo.hu\/holnap\/civilla\/wp-content\/uploads\/sites\/4\/2025\/02\/marc-honlap-1200-x-800-keppont-768x512.jpg\"\n                             class=\"rt-img-responsive\"\n                             width=\"768\"\n                             height=\"512\"\n                             alt=\"Forg\u00e1cs M\u00f3nika\">\n                        \n                            \n        <\/a>\n                <div class=\"overlay grid-hover-content\"><\/div>\n        \t\t\t\t<\/div>\n\t\t\t\n\t\t\t<div class=\"grid-hover-content\">\n\n\t\t\t\t<div class=\"entry-title-wrapper\"><h1 class=\"entry-title\"><a data-id=\"850\" href=\"https:\/\/atalakulo.hu\/holnap\/civilla\/2025\/02\/24\/forgacs-monika-homoktol-az-elo-kert-fele\/\" class=\"tpg-post-link\" target=\"_self\">Szatyor Klub Forg\u00e1cs M\u00f3nik\u00e1val<\/a><\/h1><\/div>\n\n\t\t\t\t\n\t\t\t\t\t\t\t\t\t<div class=\"tpg-excerpt tpg-el-excerpt\">\n\t\t\t\t\t\t\t\t\t\t\t\t\t<div class=\"tpg-excerpt-inner\">\n\t\t\t\t\t\t\t\tA HOMOKT\u00d3L AZ \u00c9L\u0150 KERT FEL\u00c9&#8230; 2025 m\u00e1rcius 4. 16:30-18:00 M\u00e1rciusi klub alkalmunk megh\u00edvott...\t\t\t\t\t\t\t<\/div>\n\t\t\t\t\t\t\t\t\t\t\t\t\t\t\t\t\t<\/div>\n\t\t\t\t\n\t\t\t\t        <div class=\"post-footer\">\n            <div class=\"post-footer\">\n                <div class=\"read-more\">\n                    <a data-id=\"850\" href=\"https:\/\/atalakulo.hu\/holnap\/civilla\/2025\/02\/24\/forgacs-monika-homoktol-az-elo-kert-fele\/\" class=\"tpg-post-link\" target=\"_self\">ELOLVASOM<\/a>                <\/div>\n            <\/div>\n        <\/div>\n        \t\t\t<\/div>\n\t\t<\/div>\n\t<\/div>\n<\/div>\n\n<div class=\"rt-col-md-12 rt-col-sm-6 rt-col-xs-12 default rt-grid-hover-item rt-grid-item\" data-id=\"819\">\n\t<div class=\"rt-holder tpg-post-holder \">\n\t\t<div class=\"rt-detail rt-el-content-wrapper\">\n\t\t\t\t\t\t\t<div class=\"rt-img-holder tpg-el-image-wrap has-thumbnail\">\n\t\t\t\t\t<a data-id=\"819\" href=\"https:\/\/atalakulo.hu\/holnap\/civilla\/2025\/02\/05\/xii-kecskemeti-magvas-nap-2025-marcius-1\/\" class=\"tpg-post-link\" target=\"_self\">                        <img loading=\"lazy\" decoding=\"async\" src=\"https:\/\/atalakulo.hu\/holnap\/civilla\/wp-content\/uploads\/sites\/4\/2025\/02\/Kozos-1200-x-800-keppont-768x512.jpg\"\n                             class=\"rt-img-responsive\"\n                             width=\"768\"\n                             height=\"512\"\n                             alt=\"XII. Kecskem\u00e9ti Magvas Nap\">\n                        \n                            \n        <\/a>\n                <div class=\"overlay grid-hover-content\"><\/div>\n        \t\t\t\t<\/div>\n\t\t\t\n\t\t\t<div class=\"grid-hover-content\">\n\n\t\t\t\t<div class=\"entry-title-wrapper\"><h1 class=\"entry-title\"><a data-id=\"819\" href=\"https:\/\/atalakulo.hu\/holnap\/civilla\/2025\/02\/05\/xii-kecskemeti-magvas-nap-2025-marcius-1\/\" class=\"tpg-post-link\" target=\"_self\">XII. Kecskem\u00e9ti Magvas Nap<\/a><\/h1><\/div>\n\n\t\t\t\t\n\t\t\t\t\t\t\t\t\t<div class=\"tpg-excerpt tpg-el-excerpt\">\n\t\t\t\t\t\t\t\t\t\t\t\t\t<div class=\"tpg-excerpt-inner\">\n\t\t\t\t\t\t\t\tSz\u00e1munkra is felemel\u0151 le\u00edrni, de id\u00e9n 12. alkalommal ker\u00fcl megrendez\u00e9sre Kecskem\u00e9t v\u00e1ros\u00e1ban a...\t\t\t\t\t\t\t<\/div>\n\t\t\t\t\t\t\t\t\t\t\t\t\t\t\t\t\t<\/div>\n\t\t\t\t\n\t\t\t\t        <div class=\"post-footer\">\n            <div class=\"post-footer\">\n                <div class=\"read-more\">\n                    <a data-id=\"819\" href=\"https:\/\/atalakulo.hu\/holnap\/civilla\/2025\/02\/05\/xii-kecskemeti-magvas-nap-2025-marcius-1\/\" class=\"tpg-post-link\" target=\"_self\">ELOLVASOM<\/a>                <\/div>\n            <\/div>\n        <\/div>\n        \t\t\t<\/div>\n\t\t<\/div>\n\t<\/div>\n<\/div>\n\n<div class=\"rt-col-md-12 rt-col-sm-6 rt-col-xs-12 default rt-grid-hover-item rt-grid-item\" data-id=\"549\">\n\t<div class=\"rt-holder tpg-post-holder \">\n\t\t<div class=\"rt-detail rt-el-content-wrapper\">\n\t\t\t\t\t\t\t<div class=\"rt-img-holder tpg-el-image-wrap has-thumbnail\">\n\t\t\t\t\t<a data-id=\"549\" href=\"https:\/\/atalakulo.hu\/holnap\/civilla\/2025\/02\/03\/februari-szatyor-klub-tundi-biokertjevel\/\" class=\"tpg-post-link\" target=\"_self\">                        <img loading=\"lazy\" decoding=\"async\" src=\"https:\/\/atalakulo.hu\/holnap\/civilla\/wp-content\/uploads\/sites\/4\/2025\/02\/474882497_605445388863415_1357005595053599235_n-768x402.jpg\"\n                             class=\"rt-img-responsive\"\n                             width=\"768\"\n                             height=\"402\"\n                             alt=\"Szatyor Klub T\u00fcndi Biokertj\u00e9vel\">\n                        \n                            \n        <\/a>\n                <div class=\"overlay grid-hover-content\"><\/div>\n        \t\t\t\t<\/div>\n\t\t\t\n\t\t\t<div class=\"grid-hover-content\">\n\n\t\t\t\t<div class=\"entry-title-wrapper\"><h1 class=\"entry-title\"><a data-id=\"549\" href=\"https:\/\/atalakulo.hu\/holnap\/civilla\/2025\/02\/03\/februari-szatyor-klub-tundi-biokertjevel\/\" class=\"tpg-post-link\" target=\"_self\">Szatyor Klub T\u00fcndi Biokertj\u00e9vel<\/a><\/h1><\/div>\n\n\t\t\t\t\n\t\t\t\t\t\t\t\t\t<div class=\"tpg-excerpt tpg-el-excerpt\">\n\t\t\t\t\t\t\t\t\t\t\t\t\t<div class=\"tpg-excerpt-inner\">\n\t\t\t\t\t\t\t\tGyertek \u00e9s ismerj\u00e9tek meg \u0151t, illetve tanuljatok t\u0151le, hogyan kezdjetek otthon, kicsiben...\t\t\t\t\t\t\t<\/div>\n\t\t\t\t\t\t\t\t\t\t\t\t\t\t\t\t\t<\/div>\n\t\t\t\t\n\t\t\t\t        <div class=\"post-footer\">\n            <div class=\"post-footer\">\n                <div class=\"read-more\">\n                    <a data-id=\"549\" href=\"https:\/\/atalakulo.hu\/holnap\/civilla\/2025\/02\/03\/februari-szatyor-klub-tundi-biokertjevel\/\" class=\"tpg-post-link\" target=\"_self\">ELOLVASOM<\/a>                <\/div>\n            <\/div>\n        <\/div>\n        \t\t\t<\/div>\n\t\t<\/div>\n\t<\/div>\n<\/div>\n\n<div class=\"rt-col-md-12 rt-col-sm-6 rt-col-xs-12 default rt-grid-hover-item rt-grid-item\" data-id=\"492\">\n\t<div class=\"rt-holder tpg-post-holder \">\n\t\t<div class=\"rt-detail rt-el-content-wrapper\">\n\t\t\t\t\t\t\t<div class=\"rt-img-holder tpg-el-image-wrap has-thumbnail\">\n\t\t\t\t\t<a data-id=\"492\" href=\"https:\/\/atalakulo.hu\/holnap\/civilla\/2025\/02\/02\/492\/\" class=\"tpg-post-link\" target=\"_self\">                        <img loading=\"lazy\" decoding=\"async\" src=\"https:\/\/atalakulo.hu\/holnap\/civilla\/wp-content\/uploads\/sites\/4\/2025\/02\/Screenshot-2025-02-02-at-11.42.26-768x559.png\"\n                             class=\"rt-img-responsive\"\n                             width=\"768\"\n                             height=\"559\"\n                             alt=\"Nemzeti Fa\u00fcltet\u00e9s Napja\">\n                        \n                            \n        <\/a>\n                <div class=\"overlay grid-hover-content\"><\/div>\n        \t\t\t\t<\/div>\n\t\t\t\n\t\t\t<div class=\"grid-hover-content\">\n\n\t\t\t\t<div class=\"entry-title-wrapper\"><h1 class=\"entry-title\"><a data-id=\"492\" href=\"https:\/\/atalakulo.hu\/holnap\/civilla\/2025\/02\/02\/492\/\" class=\"tpg-post-link\" target=\"_self\">Nemzeti Fa\u00fcltet\u00e9s Napja<\/a><\/h1><\/div>\n\n\t\t\t\t\n\t\t\t\t\t\t\t\t\t<div class=\"tpg-excerpt tpg-el-excerpt\">\n\t\t\t\t\t\t\t\t\t\t\t\t\t<div class=\"tpg-excerpt-inner\">\n\t\t\t\t\t\t\t\tL\u00c9GY TE IS R\u00c9SZESE, GYERE A CIVILL\u00c1BA! Ha kapcsol\u00f3dn\u00e1l az \u00fcgyh\u00f6z, v\u00e1r a Z\u00f6ld\u00edt\u0151 Civil T\u00e1rsas\u00e1g...\t\t\t\t\t\t\t<\/div>\n\t\t\t\t\t\t\t\t\t\t\t\t\t\t\t\t\t<\/div>\n\t\t\t\t\n\t\t\t\t        <div class=\"post-footer\">\n            <div class=\"post-footer\">\n                <div class=\"read-more\">\n                    <a data-id=\"492\" href=\"https:\/\/atalakulo.hu\/holnap\/civilla\/2025\/02\/02\/492\/\" class=\"tpg-post-link\" target=\"_self\">ELOLVASOM<\/a>                <\/div>\n            <\/div>\n        <\/div>\n        \t\t\t<\/div>\n\t\t<\/div>\n\t<\/div>\n<\/div>\n            <\/div>\n\n\t\t\t        <\/div>\n\t\t\t\t\t\t<\/div>\n\t\t\t\t<\/div>\n\t\t\t\t\t<\/div>\n\t\t\t\t<\/div>\n\t\t<div class=\"elementor-element elementor-element-7ad6fc0a e-flex e-con-boxed e-con e-parent\" data-id=\"7ad6fc0a\" data-element_type=\"container\" data-e-type=\"container\">\n\t\t\t\t\t<div class=\"e-con-inner\">\n\t\t<div class=\"elementor-element elementor-element-29d5fa40 e-con-full e-flex e-con e-child\" data-id=\"29d5fa40\" data-element_type=\"container\" data-e-type=\"container\">\n\t\t\t\t<\/div>\n\t\t<div class=\"elementor-element elementor-element-3062506f e-con-full e-flex e-con e-child\" data-id=\"3062506f\" data-element_type=\"container\" data-e-type=\"container\">\n\t\t\t\t<\/div>\n\t\t\t\t\t<\/div>\n\t\t\t\t<\/div>\n\t\t\t\t<\/div>\n\t\t","protected":false},"excerpt":{"rendered":"<p>Olga akt\u00edv nyugd\u00edjask\u00e9nt a term\u00e9szetv\u00e9delemnek, a t\u00e1j-ember kapcsolat\u00e1nak, valamint a nemzetk\u00f6zi slow food mozgalomnak szenteli minden idej\u00e9t. \u00cdgy b\u00e1r nem a Szatyor termel\u0151je, munk\u00e1ss\u00e1ga p\u00e9lda\u00e9rt\u00e9k\u0171 mindannyiunknak. 2025. 06. 03 16.30-18.00 J\u00faniusi Szatyor Klub alkalmunk megh\u00edvott el\u0151ad\u00f3ja Rendek Olga, a kerekegyh\u00e1zi Rendek \u00d6kogazdas\u00e1g \u00e9s Tanyam\u00fazeum egyik tulajdonosa.Gazdas\u00e1gukban 17 termesztenek \u0151shonos \u00e9s alternat\u00edv n\u00f6v\u00e9nyeket, tartanak \u0151shonos \u00e1llatokat. &hellip; <\/p>\n","protected":false},"author":27,"featured_media":1024,"comment_status":"closed","ping_status":"open","sticky":false,"template":"","format":"standard","meta":{"_monsterinsights_skip_tracking":false,"_monsterinsights_sitenote_active":false,"_monsterinsights_sitenote_note":"","_monsterinsights_sitenote_category":0,"footnotes":""},"categories":[52,57,49],"tags":[62,59,61,63,67],"class_list":["post-1023","post","type-post","status-publish","format-standard","has-post-thumbnail","hentry","category-esemenyek","category-kapcsolodj-be","category-zold-esemenyek","tag-egeszseges-elelmiszer","tag-gazdalkodas","tag-hazai-termek","tag-kecskemeti-szatyor","tag-vegyszermentes","wpautop"],"aioseo_notices":[],"featured_image_src":"https:\/\/atalakulo.hu\/holnap\/civilla\/wp-content\/uploads\/sites\/4\/2025\/06\/500244209_693688793372407_8567437461695684530_n.jpg","author_info":{"display_name":"galkati","author_link":"https:\/\/atalakulo.hu\/holnap\/civilla\/author\/galkati\/"},"rttpg_featured_image_url":{"full":["https:\/\/atalakulo.hu\/holnap\/civilla\/wp-content\/uploads\/sites\/4\/2025\/06\/500244209_693688793372407_8567437461695684530_n.jpg",1200,628,false],"landscape":["https:\/\/atalakulo.hu\/holnap\/civilla\/wp-content\/uploads\/sites\/4\/2025\/06\/500244209_693688793372407_8567437461695684530_n.jpg",1200,628,false],"portraits":["https:\/\/atalakulo.hu\/holnap\/civilla\/wp-content\/uploads\/sites\/4\/2025\/06\/500244209_693688793372407_8567437461695684530_n.jpg",1200,628,false],"thumbnail":["https:\/\/atalakulo.hu\/holnap\/civilla\/wp-content\/uploads\/sites\/4\/2025\/06\/500244209_693688793372407_8567437461695684530_n-150x150.jpg",150,150,true],"medium":["https:\/\/atalakulo.hu\/holnap\/civilla\/wp-content\/uploads\/sites\/4\/2025\/06\/500244209_693688793372407_8567437461695684530_n-300x157.jpg",300,157,true],"large":["https:\/\/atalakulo.hu\/holnap\/civilla\/wp-content\/uploads\/sites\/4\/2025\/06\/500244209_693688793372407_8567437461695684530_n-1024x536.jpg",770,403,true],"post-slider-thumb-size":["https:\/\/atalakulo.hu\/holnap\/civilla\/wp-content\/uploads\/sites\/4\/2025\/06\/500244209_693688793372407_8567437461695684530_n-330x190.jpg",330,190,true],"post-category-slider-size":["https:\/\/atalakulo.hu\/holnap\/civilla\/wp-content\/uploads\/sites\/4\/2025\/06\/500244209_693688793372407_8567437461695684530_n-330x350.jpg",330,350,true],"1536x1536":["https:\/\/atalakulo.hu\/holnap\/civilla\/wp-content\/uploads\/sites\/4\/2025\/06\/500244209_693688793372407_8567437461695684530_n.jpg",1200,628,false],"2048x2048":["https:\/\/atalakulo.hu\/holnap\/civilla\/wp-content\/uploads\/sites\/4\/2025\/06\/500244209_693688793372407_8567437461695684530_n.jpg",1200,628,false],"gs-tiny":["https:\/\/atalakulo.hu\/holnap\/civilla\/wp-content\/uploads\/sites\/4\/2025\/06\/500244209_693688793372407_8567437461695684530_n-50x26.jpg",50,26,true],"xl":["https:\/\/atalakulo.hu\/holnap\/civilla\/wp-content\/uploads\/sites\/4\/2025\/06\/500244209_693688793372407_8567437461695684530_n.jpg",1200,628,false],"xxl":["https:\/\/atalakulo.hu\/holnap\/civilla\/wp-content\/uploads\/sites\/4\/2025\/06\/500244209_693688793372407_8567437461695684530_n.jpg",1200,628,false],"xxxl":["https:\/\/atalakulo.hu\/holnap\/civilla\/wp-content\/uploads\/sites\/4\/2025\/06\/500244209_693688793372407_8567437461695684530_n.jpg",1200,628,false],"xxxxl":["https:\/\/atalakulo.hu\/holnap\/civilla\/wp-content\/uploads\/sites\/4\/2025\/06\/500244209_693688793372407_8567437461695684530_n.jpg",1200,628,false],"xxxxxl":["https:\/\/atalakulo.hu\/holnap\/civilla\/wp-content\/uploads\/sites\/4\/2025\/06\/500244209_693688793372407_8567437461695684530_n.jpg",1200,628,false],"vandana-lite-slider":["https:\/\/atalakulo.hu\/holnap\/civilla\/wp-content\/uploads\/sites\/4\/2025\/06\/500244209_693688793372407_8567437461695684530_n-580x628.jpg",580,628,true],"vandana-lite-about":["https:\/\/atalakulo.hu\/holnap\/civilla\/wp-content\/uploads\/sites\/4\/2025\/06\/500244209_693688793372407_8567437461695684530_n-500x628.jpg",500,628,true],"vandana-lite-service":["https:\/\/atalakulo.hu\/holnap\/civilla\/wp-content\/uploads\/sites\/4\/2025\/06\/500244209_693688793372407_8567437461695684530_n-562x364.jpg",562,364,true],"vandana-lite-blog-sec":["https:\/\/atalakulo.hu\/holnap\/civilla\/wp-content\/uploads\/sites\/4\/2025\/06\/500244209_693688793372407_8567437461695684530_n-570x333.jpg",570,333,true],"vandana-lite-blog":["https:\/\/atalakulo.hu\/holnap\/civilla\/wp-content\/uploads\/sites\/4\/2025\/06\/500244209_693688793372407_8567437461695684530_n-770x450.jpg",770,450,true],"vandana-lite-blog-full":["https:\/\/atalakulo.hu\/holnap\/civilla\/wp-content\/uploads\/sites\/4\/2025\/06\/500244209_693688793372407_8567437461695684530_n-1170x600.jpg",1170,600,true],"vandana-lite-blog-list":["https:\/\/atalakulo.hu\/holnap\/civilla\/wp-content\/uploads\/sites\/4\/2025\/06\/500244209_693688793372407_8567437461695684530_n-280x300.jpg",280,300,true],"vandana-lite-blog-grid":["https:\/\/atalakulo.hu\/holnap\/civilla\/wp-content\/uploads\/sites\/4\/2025\/06\/500244209_693688793372407_8567437461695684530_n-370x300.jpg",370,300,true]},"rttpg_author":{"display_name":"galkati","author_link":"https:\/\/atalakulo.hu\/holnap\/civilla\/author\/galkati\/"},"rttpg_comment":0,"rttpg_category":"<a href=\"https:\/\/atalakulo.hu\/holnap\/civilla\/category\/esemenyek\/\" rel=\"category tag\">Esem\u00e9nyek<\/a> <a href=\"https:\/\/atalakulo.hu\/holnap\/civilla\/category\/kapcsolodj-be\/\" rel=\"category tag\">Kapcsol\u00f3dj be!<\/a> <a href=\"https:\/\/atalakulo.hu\/holnap\/civilla\/category\/zold-esemenyek\/\" rel=\"category tag\">Z\u00f6ld esem\u00e9nyek<\/a>","rttpg_excerpt":"Olga akt\u00edv nyugd\u00edjask\u00e9nt a term\u00e9szetv\u00e9delemnek, a t\u00e1j-ember kapcsolat\u00e1nak, valamint a nemzetk\u00f6zi slow food mozgalomnak szenteli minden idej\u00e9t. \u00cdgy b\u00e1r nem a Szatyor termel\u0151je, munk\u00e1ss\u00e1ga p\u00e9lda\u00e9rt\u00e9k\u0171 mindannyiunknak. 2025. 06. 03 16.30-18.00 J\u00faniusi Szatyor Klub alkalmunk megh\u00edvott el\u0151ad\u00f3ja Rendek Olga, a kerekegyh\u00e1zi Rendek \u00d6kogazdas\u00e1g \u00e9s Tanyam\u00fazeum egyik tulajdonosa.Gazdas\u00e1gukban 17 termesztenek \u0151shonos \u00e9s alternat\u00edv n\u00f6v\u00e9nyeket, tartanak \u0151shonos \u00e1llatokat.&hellip;","_links":{"self":[{"href":"https:\/\/atalakulo.hu\/holnap\/civilla\/wp-json\/wp\/v2\/posts\/1023","targetHints":{"allow":["GET"]}}],"collection":[{"href":"https:\/\/atalakulo.hu\/holnap\/civilla\/wp-json\/wp\/v2\/posts"}],"about":[{"href":"https:\/\/atalakulo.hu\/holnap\/civilla\/wp-json\/wp\/v2\/types\/post"}],"author":[{"embeddable":true,"href":"https:\/\/atalakulo.hu\/holnap\/civilla\/wp-json\/wp\/v2\/users\/27"}],"replies":[{"embeddable":true,"href":"https:\/\/atalakulo.hu\/holnap\/civilla\/wp-json\/wp\/v2\/comments?post=1023"}],"version-history":[{"count":7,"href":"https:\/\/atalakulo.hu\/holnap\/civilla\/wp-json\/wp\/v2\/posts\/1023\/revisions"}],"predecessor-version":[{"id":1032,"href":"https:\/\/atalakulo.hu\/holnap\/civilla\/wp-json\/wp\/v2\/posts\/1023\/revisions\/1032"}],"wp:featuredmedia":[{"embeddable":true,"href":"https:\/\/atalakulo.hu\/holnap\/civilla\/wp-json\/wp\/v2\/media\/1024"}],"wp:attachment":[{"href":"https:\/\/atalakulo.hu\/holnap\/civilla\/wp-json\/wp\/v2\/media?parent=1023"}],"wp:term":[{"taxonomy":"category","embeddable":true,"href":"https:\/\/atalakulo.hu\/holnap\/civilla\/wp-json\/wp\/v2\/categories?post=1023"},{"taxonomy":"post_tag","embeddable":true,"href":"https:\/\/atalakulo.hu\/holnap\/civilla\/wp-json\/wp\/v2\/tags?post=1023"}],"curies":[{"name":"wp","href":"https:\/\/api.w.org\/{rel}","templated":true}]}}