{"id":549,"date":"2025-02-03T12:04:32","date_gmt":"2025-02-03T11:04:32","guid":{"rendered":"https:\/\/atalakulo.hu\/holnap\/civilla\/?p=549"},"modified":"2025-02-03T12:54:30","modified_gmt":"2025-02-03T11:54:30","slug":"februari-szatyor-klub-tundi-biokertjevel","status":"publish","type":"post","link":"https:\/\/atalakulo.hu\/holnap\/civilla\/2025\/02\/03\/februari-szatyor-klub-tundi-biokertjevel\/","title":{"rendered":"Szatyor Klub T\u00fcndi Biokertj\u00e9vel"},"content":{"rendered":"\t\t<div data-elementor-type=\"wp-post\" data-elementor-id=\"549\" class=\"elementor elementor-549\" data-elementor-post-type=\"post\">\n\t\t\t\t<div class=\"elementor-element elementor-element-3ecc2a74 e-flex e-con-boxed e-con e-parent\" data-id=\"3ecc2a74\" data-element_type=\"container\" data-e-type=\"container\">\n\t\t\t\t\t<div class=\"e-con-inner\">\n\t\t\t\t<div class=\"elementor-element elementor-element-d8d53be elementor-widget elementor-widget-heading\" data-id=\"d8d53be\" data-element_type=\"widget\" data-e-type=\"widget\" data-widget_type=\"heading.default\">\n\t\t\t\t<div class=\"elementor-widget-container\">\n\t\t\t\t\t<h1 class=\"elementor-heading-title elementor-size-default\">Gyertek \u00e9s ismerj\u00e9tek meg \u0151t, illetve tanuljatok t\u0151le, <br>hogyan kezdjetek otthon, kicsiben kert\u00e9szkedni!<\/h1>\t\t\t\t<\/div>\n\t\t\t\t<\/div>\n\t\t\t\t\t<\/div>\n\t\t\t\t<\/div>\n\t\t<div class=\"elementor-element elementor-element-173fb852 e-flex e-con-boxed e-con e-parent\" data-id=\"173fb852\" data-element_type=\"container\" data-e-type=\"container\">\n\t\t\t\t\t<div class=\"e-con-inner\">\n\t\t\t\t<div class=\"elementor-element elementor-element-6c6e4eb elementor-widget elementor-widget-text-editor\" data-id=\"6c6e4eb\" data-element_type=\"widget\" data-e-type=\"widget\" data-widget_type=\"text-editor.default\">\n\t\t\t\t<div class=\"elementor-widget-container\">\n\t\t\t\t\t\t\t\t\t<p>Febru\u00e1ri Szatyor Klubunk el\u0151ad\u00f3ja N\u00e9methn\u00e9 Szab\u00f3 T\u00fcnde agr\u00e1rm\u00e9rn\u00f6k termel\u0151, akit T\u00fcndi Biokertje n\u00e9ven ismerhettek. T\u00fcndi t\u00f6bb, mint 10 \u00e9ve sz\u00fclei csal\u00e1di birtok\u00e1n gazd\u00e1lkodik \u00f6kol\u00f3giai m\u00f3dszerekkel, de ami m\u00e9g fontosabb, sz\u00edvvel \u00e9s szeretettel. Emellett a Gyermekliget Alternat\u00edv Iskola \u00f6kokert programj\u00e1nak is meg\u00e1lmod\u00f3ja. Nemcsak tan\u00edtja a gyerekeket, hanem az \u00e9letre is neveli \u0151ket.<\/p><div class=\"x11i5rnm xat24cr x1mh8g0r x1vvkbs xtlvy1s\">A Klub alkalmon lehet\u0151s\u00e9g lesz k\u00f3stolni \u00e9s v\u00e1s\u00e1rolni.<br class=\"html-br\" \/>A gyerekekr\u0151l pedig anim\u00e1toraink gondoskodnak, b\u00e1tran hozz\u00e1tok az apr\u00f3s\u00e1gokat is!<\/div><div class=\"x11i5rnm xat24cr x1mh8g0r x1vvkbs xtlvy1s\">A r\u00e9szv\u00e9tel INGYENES, de k\u00e9r\u00fcnk titeket, hogy REGISZTR\u00c1LJATOK az al\u00e1bbi \u0171rlapon:<\/div>\t\t\t\t\t\t\t\t<\/div>\n\t\t\t\t<\/div>\n\t\t\t\t\t<\/div>\n\t\t\t\t<\/div>\n\t\t<div class=\"elementor-element elementor-element-bbed816 e-flex e-con-boxed e-con e-parent\" data-id=\"bbed816\" data-element_type=\"container\" data-e-type=\"container\">\n\t\t\t\t\t<div class=\"e-con-inner\">\n\t\t\t\t<div class=\"elementor-element elementor-element-6f76eef elementor-align-center animated-slow elementor-invisible elementor-widget elementor-widget-button\" data-id=\"6f76eef\" data-element_type=\"widget\" data-e-type=\"widget\" data-settings=\"{&quot;_animation&quot;:&quot;fadeIn&quot;}\" data-widget_type=\"button.default\">\n\t\t\t\t<div class=\"elementor-widget-container\">\n\t\t\t\t\t\t\t\t\t<div class=\"elementor-button-wrapper\">\n\t\t\t\t\t<a class=\"elementor-button elementor-button-link elementor-size-sm\" href=\"https:\/\/docs.google.com\/forms\/d\/e\/1FAIpQLScvIpCTQJm3OJ7NhEP5Bzvr97375qH8MZ7TMZk80gYINjOGKg\/viewform\">\n\t\t\t\t\t\t<span class=\"elementor-button-content-wrapper\">\n\t\t\t\t\t\t\t\t\t<span class=\"elementor-button-text\">Regisztr\u00e1lok<\/span>\n\t\t\t\t\t<\/span>\n\t\t\t\t\t<\/a>\n\t\t\t\t<\/div>\n\t\t\t\t\t\t\t\t<\/div>\n\t\t\t\t<\/div>\n\t\t\t\t\t<\/div>\n\t\t\t\t<\/div>\n\t\t<div class=\"elementor-element elementor-element-248b1ae8 e-flex e-con-boxed e-con e-parent\" data-id=\"248b1ae8\" data-element_type=\"container\" data-e-type=\"container\">\n\t\t\t\t\t<div class=\"e-con-inner\">\n\t\t\t\t<div class=\"elementor-element elementor-element-6296402 elementor-widget elementor-widget-text-editor\" data-id=\"6296402\" data-element_type=\"widget\" data-e-type=\"widget\" data-widget_type=\"text-editor.default\">\n\t\t\t\t<div class=\"elementor-widget-container\">\n\t\t\t\t\t\t\t\t\t<h4>&#8222;A projekt az Eur\u00f3pai Uni\u00f3 &#8222;Polg\u00e1rok, egyenl\u0151s\u00e9g, jogok \u00e9s \u00e9rt\u00e9kek\u201d (CERV) programj\u00e1nak t\u00e1mogat\u00e1s\u00e1val val\u00f3sul meg. Az Eur\u00f3pai Bizotts\u00e1g t\u00e1mogat\u00e1sa nem jelenti a projektben megval\u00f3s\u00edtott tev\u00e9kenys\u00e9gek tartalm\u00e1nak j\u00f3v\u00e1hagy\u00e1s\u00e1t, amely kiz\u00e1r\u00f3lag az azt megval\u00f3s\u00edt\u00f3k \u00e1ll\u00e1spontj\u00e1t t\u00fckr\u00f6zi, valamint a Bizotts\u00e1g nem tehet\u0151 felel\u0151ss\u00e9 ezen inform\u00e1ci\u00f3k b\u00e1rminem\u0171 felhaszn\u00e1l\u00e1s\u00e1\u00e9rt.&#8221;<\/h4>\t\t\t\t\t\t\t\t<\/div>\n\t\t\t\t<\/div>\n\t\t\t\t\t<\/div>\n\t\t\t\t<\/div>\n\t\t<div class=\"elementor-element elementor-element-2132a0fc e-flex e-con-boxed e-con e-parent\" data-id=\"2132a0fc\" data-element_type=\"container\" data-e-type=\"container\">\n\t\t\t\t\t<div class=\"e-con-inner\">\n\t\t\t\t<div class=\"elementor-element elementor-element-78d44989 title_hover_border_disable title-one-line section-title-align-center title-alignment-center section-title-style-style1 title_position_default img_hover_animation_default readmore-btn-default-style grid-hover-overlay-type-always grid-hover-overlay-height-default hover-overlay-height-default tpg-border-bottom-disable elementor-widget elementor-widget-tpg-grid-hover-layout\" data-id=\"78d44989\" data-element_type=\"widget\" data-e-type=\"widget\" data-widget_type=\"tpg-grid-hover-layout.default\">\n\t\t\t\t<div class=\"elementor-widget-container\">\n\t\t\t\t\t\n        <div class=\"rt-container-fluid rt-tpg-container tpg-el-main-wrapper grid_hover-layout2-main \"\n             id=\"rt-tpg-container-2051463816\"\n             data-layout=\"grid_hover-layout2\"\n             data-sc-id=\"elementor\"\n             data-el-settings=''\n             data-el-query=''\n             data-el-path=''\n        >\n\t\t\t            <div class='tpg-header-wrapper '>\n\t\t\t\t\n        <div class=\"tpg-widget-heading-wrapper rt-clear heading-style1 \">\n            <span class=\"tpg-widget-heading-line line-left\"><\/span>\n            <h1 class='tpg-widget-heading'>\n            \n                                    <span>\n\t\t\t\t\t\tTov\u00e1bbi esem\u00e9nyeink\t\t\t\t\t<\/span>\n                    \n                            <\/h1>            <span class=\"tpg-widget-heading-line line-right\"><\/span>\n\n            \n        <\/div>\n\n        \n                    <\/div>\n\n            <div data-title=\"Loading ...\"\n                 class=\"rt-row rt-content-loader grid_hover-layout2 tpg-even grid-behaviour grid_hover_layout_wrapper\">\n\t\t\t\t\n<div class=\"rt-col-md-4 rt-col-sm-6 rt-col-xs-12 default rt-grid-hover-item rt-grid-item\" data-id=\"1023\">\n\t<div class=\"rt-holder tpg-post-holder \">\n\t\t<div class=\"rt-detail rt-el-content-wrapper\">\n\t\t\t\t\t\t\t<div class=\"rt-img-holder tpg-el-image-wrap has-thumbnail\">\n\t\t\t\t\t<a data-id=\"1023\" href=\"https:\/\/atalakulo.hu\/holnap\/civilla\/2025\/06\/04\/szaytor-klub-megelhetes-a-homokon\/\" class=\"tpg-post-link\" target=\"_self\">                        <img fetchpriority=\"high\" decoding=\"async\" src=\"https:\/\/atalakulo.hu\/holnap\/civilla\/wp-content\/uploads\/sites\/4\/2025\/06\/500244209_693688793372407_8567437461695684530_n-768x402.jpg\"\n                             class=\"rt-img-responsive\"\n                             width=\"768\"\n                             height=\"402\"\n                             alt=\"Szaytor Klub-Meg\u00e9lhet\u00e9s a homokon\">\n                        \n                            \n        <\/a>\n                <div class=\"overlay grid-hover-content\"><\/div>\n        \t\t\t\t<\/div>\n\t\t\t\n\t\t\t<div class=\"grid-hover-content\">\n\n\t\t\t\t<div class=\"entry-title-wrapper\"><h1 class=\"entry-title\"><a data-id=\"1023\" href=\"https:\/\/atalakulo.hu\/holnap\/civilla\/2025\/06\/04\/szaytor-klub-megelhetes-a-homokon\/\" class=\"tpg-post-link\" target=\"_self\">Szaytor Klub-Meg\u00e9lhet\u00e9s a homokon<\/a><\/h1><\/div>\n\n\t\t\t\t\n\t\t\t\t\t\t\t\t\t<div class=\"tpg-excerpt tpg-el-excerpt\">\n\t\t\t\t\t\t\t\t\t\t\t\t\t<div class=\"tpg-excerpt-inner\">\n\t\t\t\t\t\t\t\tOlga akt\u00edv nyugd\u00edjask\u00e9nt a term\u00e9szetv\u00e9delemnek, a t\u00e1j-ember kapcsolat\u00e1nak, valamint a nemzetk\u00f6zi...\t\t\t\t\t\t\t<\/div>\n\t\t\t\t\t\t\t\t\t\t\t\t\t\t\t\t\t<\/div>\n\t\t\t\t\n\t\t\t\t        <div class=\"post-footer\">\n            <div class=\"post-footer\">\n                <div class=\"read-more\">\n                    <a data-id=\"1023\" href=\"https:\/\/atalakulo.hu\/holnap\/civilla\/2025\/06\/04\/szaytor-klub-megelhetes-a-homokon\/\" class=\"tpg-post-link\" target=\"_self\">ELOLVASOM<\/a>                <\/div>\n            <\/div>\n        <\/div>\n        \t\t\t<\/div>\n\t\t<\/div>\n\t<\/div>\n<\/div>\n\n<div class=\"rt-col-md-4 rt-col-sm-6 rt-col-xs-12 default rt-grid-hover-item rt-grid-item\" data-id=\"994\">\n\t<div class=\"rt-holder tpg-post-holder \">\n\t\t<div class=\"rt-detail rt-el-content-wrapper\">\n\t\t\t\t\t\t\t<div class=\"rt-img-holder tpg-el-image-wrap has-thumbnail\">\n\t\t\t\t\t<a data-id=\"994\" href=\"https:\/\/atalakulo.hu\/holnap\/civilla\/2025\/03\/25\/szatyor-klub-ungvarine-s-eszterrel\/\" class=\"tpg-post-link\" target=\"_self\">                        <img decoding=\"async\" src=\"https:\/\/atalakulo.hu\/holnap\/civilla\/wp-content\/uploads\/sites\/4\/2025\/03\/Ungvarine-Sz.-Eszter-1920-x-1005-keppont-1200-x-800-keppont-1-768x512.png\"\n                             class=\"rt-img-responsive\"\n                             width=\"768\"\n                             height=\"512\"\n                             alt=\"Szatyor klub Ungv\u00e1rin\u00e9 S. Eszterrel\">\n                        \n                            \n        <\/a>\n                <div class=\"overlay grid-hover-content\"><\/div>\n        \t\t\t\t<\/div>\n\t\t\t\n\t\t\t<div class=\"grid-hover-content\">\n\n\t\t\t\t<div class=\"entry-title-wrapper\"><h1 class=\"entry-title\"><a data-id=\"994\" href=\"https:\/\/atalakulo.hu\/holnap\/civilla\/2025\/03\/25\/szatyor-klub-ungvarine-s-eszterrel\/\" class=\"tpg-post-link\" target=\"_self\">Szatyor klub Ungv\u00e1rin\u00e9 S. Eszterrel<\/a><\/h1><\/div>\n\n\t\t\t\t\n\t\t\t\t\t\t\t\t\t<div class=\"tpg-excerpt tpg-el-excerpt\">\n\t\t\t\t\t\t\t\t\t\t\t\t\t<div class=\"tpg-excerpt-inner\">\n\t\t\t\t\t\t\t\t2025. 04. 01. kedd, 16:30- 18:00 Eszter k\u00f6rnyezetgazd\u00e1lkod\u00e1si agr\u00e1rm\u00e9rn\u00f6k, biol\u00f3giai...\t\t\t\t\t\t\t<\/div>\n\t\t\t\t\t\t\t\t\t\t\t\t\t\t\t\t\t<\/div>\n\t\t\t\t\n\t\t\t\t        <div class=\"post-footer\">\n            <div class=\"post-footer\">\n                <div class=\"read-more\">\n                    <a data-id=\"994\" href=\"https:\/\/atalakulo.hu\/holnap\/civilla\/2025\/03\/25\/szatyor-klub-ungvarine-s-eszterrel\/\" class=\"tpg-post-link\" target=\"_self\">ELOLVASOM<\/a>                <\/div>\n            <\/div>\n        <\/div>\n        \t\t\t<\/div>\n\t\t<\/div>\n\t<\/div>\n<\/div>\n\n<div class=\"rt-col-md-4 rt-col-sm-6 rt-col-xs-12 default rt-grid-hover-item rt-grid-item\" data-id=\"974\">\n\t<div class=\"rt-holder tpg-post-holder \">\n\t\t<div class=\"rt-detail rt-el-content-wrapper\">\n\t\t\t\t\t\t\t<div class=\"rt-img-holder tpg-el-image-wrap has-thumbnail\">\n\t\t\t\t\t<a data-id=\"974\" href=\"https:\/\/atalakulo.hu\/holnap\/civilla\/2025\/03\/10\/iii-agrookologiai-napok\/\" class=\"tpg-post-link\" target=\"_self\">                        <img decoding=\"async\" src=\"https:\/\/atalakulo.hu\/holnap\/civilla\/wp-content\/uploads\/sites\/4\/2025\/03\/480814318_1044803934358910_9010016660359474014_n-768x284.jpg\"\n                             class=\"rt-img-responsive\"\n                             width=\"768\"\n                             height=\"284\"\n                             alt=\"III. Agro\u00f6kol\u00f3giai Napok\">\n                        \n                            \n        <\/a>\n                <div class=\"overlay grid-hover-content\"><\/div>\n        \t\t\t\t<\/div>\n\t\t\t\n\t\t\t<div class=\"grid-hover-content\">\n\n\t\t\t\t<div class=\"entry-title-wrapper\"><h1 class=\"entry-title\"><a data-id=\"974\" href=\"https:\/\/atalakulo.hu\/holnap\/civilla\/2025\/03\/10\/iii-agrookologiai-napok\/\" class=\"tpg-post-link\" target=\"_self\">III. Agro\u00f6kol\u00f3giai Napok<\/a><\/h1><\/div>\n\n\t\t\t\t\n\t\t\t\t\t\t\t\t\t<div class=\"tpg-excerpt tpg-el-excerpt\">\n\t\t\t\t\t\t\t\t\t\t\t\t\t<div class=\"tpg-excerpt-inner\">\n\t\t\t\t\t\t\t\tSzeretn\u00e9nk megh\u00edvni soron k\u00f6vetkez\u0151 rendezv\u00e9ny\u00fcnkre, ahol tagjaink bemutatj\u00e1k tev\u00e9kenys\u00e9geiket...\t\t\t\t\t\t\t<\/div>\n\t\t\t\t\t\t\t\t\t\t\t\t\t\t\t\t\t<\/div>\n\t\t\t\t\n\t\t\t\t        <div class=\"post-footer\">\n            <div class=\"post-footer\">\n                <div class=\"read-more\">\n                    <a data-id=\"974\" href=\"https:\/\/atalakulo.hu\/holnap\/civilla\/2025\/03\/10\/iii-agrookologiai-napok\/\" class=\"tpg-post-link\" target=\"_self\">ELOLVASOM<\/a>                <\/div>\n            <\/div>\n        <\/div>\n        \t\t\t<\/div>\n\t\t<\/div>\n\t<\/div>\n<\/div>\n\n<div class=\"rt-col-md-4 rt-col-sm-6 rt-col-xs-12 default rt-grid-hover-item rt-grid-item\" data-id=\"881\">\n\t<div class=\"rt-holder tpg-post-holder \">\n\t\t<div class=\"rt-detail rt-el-content-wrapper\">\n\t\t\t\t\t\t\t<div class=\"rt-img-holder tpg-el-image-wrap has-thumbnail\">\n\t\t\t\t\t<a data-id=\"881\" href=\"https:\/\/atalakulo.hu\/holnap\/civilla\/2025\/02\/25\/vegyszermentes-konyhakertesz-workshop\/\" class=\"tpg-post-link\" target=\"_self\">                        <img loading=\"lazy\" decoding=\"async\" src=\"https:\/\/atalakulo.hu\/holnap\/civilla\/wp-content\/uploads\/sites\/4\/2025\/02\/konyhakertesz-ws-768x512.jpg\"\n                             class=\"rt-img-responsive\"\n                             width=\"768\"\n                             height=\"512\"\n                             alt=\"Vegyszermentes konyhakert\u00e9sz workshop\">\n                        \n                            \n        <\/a>\n                <div class=\"overlay grid-hover-content\"><\/div>\n        \t\t\t\t<\/div>\n\t\t\t\n\t\t\t<div class=\"grid-hover-content\">\n\n\t\t\t\t<div class=\"entry-title-wrapper\"><h1 class=\"entry-title\"><a data-id=\"881\" href=\"https:\/\/atalakulo.hu\/holnap\/civilla\/2025\/02\/25\/vegyszermentes-konyhakertesz-workshop\/\" class=\"tpg-post-link\" target=\"_self\">Vegyszermentes konyhakert\u00e9sz workshop<\/a><\/h1><\/div>\n\n\t\t\t\t\n\t\t\t\t\t\t\t\t\t<div class=\"tpg-excerpt tpg-el-excerpt\">\n\t\t\t\t\t\t\t\t\t\t\t\t\t<div class=\"tpg-excerpt-inner\">\n\t\t\t\t\t\t\t\tV\u00e1ltoztasd meg \u00f6r\u00f6kre a kerted, teremts Ehet\u0151 Kertet! Kedves kert\u00e9szek \u00e9s kert\u00e9szkedni...\t\t\t\t\t\t\t<\/div>\n\t\t\t\t\t\t\t\t\t\t\t\t\t\t\t\t\t<\/div>\n\t\t\t\t\n\t\t\t\t        <div class=\"post-footer\">\n            <div class=\"post-footer\">\n                <div class=\"read-more\">\n                    <a data-id=\"881\" href=\"https:\/\/atalakulo.hu\/holnap\/civilla\/2025\/02\/25\/vegyszermentes-konyhakertesz-workshop\/\" class=\"tpg-post-link\" target=\"_self\">ELOLVASOM<\/a>                <\/div>\n            <\/div>\n        <\/div>\n        \t\t\t<\/div>\n\t\t<\/div>\n\t<\/div>\n<\/div>\n\n<div class=\"rt-col-md-4 rt-col-sm-6 rt-col-xs-12 default rt-grid-hover-item rt-grid-item\" data-id=\"850\">\n\t<div class=\"rt-holder tpg-post-holder \">\n\t\t<div class=\"rt-detail rt-el-content-wrapper\">\n\t\t\t\t\t\t\t<div class=\"rt-img-holder tpg-el-image-wrap has-thumbnail\">\n\t\t\t\t\t<a data-id=\"850\" href=\"https:\/\/atalakulo.hu\/holnap\/civilla\/2025\/02\/24\/forgacs-monika-homoktol-az-elo-kert-fele\/\" class=\"tpg-post-link\" target=\"_self\">                        <img loading=\"lazy\" decoding=\"async\" src=\"https:\/\/atalakulo.hu\/holnap\/civilla\/wp-content\/uploads\/sites\/4\/2025\/02\/marc-honlap-1200-x-800-keppont-768x512.jpg\"\n                             class=\"rt-img-responsive\"\n                             width=\"768\"\n                             height=\"512\"\n                             alt=\"Forg\u00e1cs M\u00f3nika\">\n                        \n                            \n        <\/a>\n                <div class=\"overlay grid-hover-content\"><\/div>\n        \t\t\t\t<\/div>\n\t\t\t\n\t\t\t<div class=\"grid-hover-content\">\n\n\t\t\t\t<div class=\"entry-title-wrapper\"><h1 class=\"entry-title\"><a data-id=\"850\" href=\"https:\/\/atalakulo.hu\/holnap\/civilla\/2025\/02\/24\/forgacs-monika-homoktol-az-elo-kert-fele\/\" class=\"tpg-post-link\" target=\"_self\">Szatyor Klub Forg\u00e1cs M\u00f3nik\u00e1val<\/a><\/h1><\/div>\n\n\t\t\t\t\n\t\t\t\t\t\t\t\t\t<div class=\"tpg-excerpt tpg-el-excerpt\">\n\t\t\t\t\t\t\t\t\t\t\t\t\t<div class=\"tpg-excerpt-inner\">\n\t\t\t\t\t\t\t\tA HOMOKT\u00d3L AZ \u00c9L\u0150 KERT FEL\u00c9&#8230; 2025 m\u00e1rcius 4. 16:30-18:00 M\u00e1rciusi klub alkalmunk megh\u00edvott...\t\t\t\t\t\t\t<\/div>\n\t\t\t\t\t\t\t\t\t\t\t\t\t\t\t\t\t<\/div>\n\t\t\t\t\n\t\t\t\t        <div class=\"post-footer\">\n            <div class=\"post-footer\">\n                <div class=\"read-more\">\n                    <a data-id=\"850\" href=\"https:\/\/atalakulo.hu\/holnap\/civilla\/2025\/02\/24\/forgacs-monika-homoktol-az-elo-kert-fele\/\" class=\"tpg-post-link\" target=\"_self\">ELOLVASOM<\/a>                <\/div>\n            <\/div>\n        <\/div>\n        \t\t\t<\/div>\n\t\t<\/div>\n\t<\/div>\n<\/div>\n\n<div class=\"rt-col-md-4 rt-col-sm-6 rt-col-xs-12 default rt-grid-hover-item rt-grid-item\" data-id=\"819\">\n\t<div class=\"rt-holder tpg-post-holder \">\n\t\t<div class=\"rt-detail rt-el-content-wrapper\">\n\t\t\t\t\t\t\t<div class=\"rt-img-holder tpg-el-image-wrap has-thumbnail\">\n\t\t\t\t\t<a data-id=\"819\" href=\"https:\/\/atalakulo.hu\/holnap\/civilla\/2025\/02\/05\/xii-kecskemeti-magvas-nap-2025-marcius-1\/\" class=\"tpg-post-link\" target=\"_self\">                        <img loading=\"lazy\" decoding=\"async\" src=\"https:\/\/atalakulo.hu\/holnap\/civilla\/wp-content\/uploads\/sites\/4\/2025\/02\/Kozos-1200-x-800-keppont-768x512.jpg\"\n                             class=\"rt-img-responsive\"\n                             width=\"768\"\n                             height=\"512\"\n                             alt=\"XII. Kecskem\u00e9ti Magvas Nap\">\n                        \n                            \n        <\/a>\n                <div class=\"overlay grid-hover-content\"><\/div>\n        \t\t\t\t<\/div>\n\t\t\t\n\t\t\t<div class=\"grid-hover-content\">\n\n\t\t\t\t<div class=\"entry-title-wrapper\"><h1 class=\"entry-title\"><a data-id=\"819\" href=\"https:\/\/atalakulo.hu\/holnap\/civilla\/2025\/02\/05\/xii-kecskemeti-magvas-nap-2025-marcius-1\/\" class=\"tpg-post-link\" target=\"_self\">XII. Kecskem\u00e9ti Magvas Nap<\/a><\/h1><\/div>\n\n\t\t\t\t\n\t\t\t\t\t\t\t\t\t<div class=\"tpg-excerpt tpg-el-excerpt\">\n\t\t\t\t\t\t\t\t\t\t\t\t\t<div class=\"tpg-excerpt-inner\">\n\t\t\t\t\t\t\t\tSz\u00e1munkra is felemel\u0151 le\u00edrni, de id\u00e9n 12. alkalommal ker\u00fcl megrendez\u00e9sre Kecskem\u00e9t v\u00e1ros\u00e1ban a...\t\t\t\t\t\t\t<\/div>\n\t\t\t\t\t\t\t\t\t\t\t\t\t\t\t\t\t<\/div>\n\t\t\t\t\n\t\t\t\t        <div class=\"post-footer\">\n            <div class=\"post-footer\">\n                <div class=\"read-more\">\n                    <a data-id=\"819\" href=\"https:\/\/atalakulo.hu\/holnap\/civilla\/2025\/02\/05\/xii-kecskemeti-magvas-nap-2025-marcius-1\/\" class=\"tpg-post-link\" target=\"_self\">ELOLVASOM<\/a>                <\/div>\n            <\/div>\n        <\/div>\n        \t\t\t<\/div>\n\t\t<\/div>\n\t<\/div>\n<\/div>\n\n<div class=\"rt-col-md-4 rt-col-sm-6 rt-col-xs-12 default rt-grid-hover-item rt-grid-item\" data-id=\"549\">\n\t<div class=\"rt-holder tpg-post-holder \">\n\t\t<div class=\"rt-detail rt-el-content-wrapper\">\n\t\t\t\t\t\t\t<div class=\"rt-img-holder tpg-el-image-wrap has-thumbnail\">\n\t\t\t\t\t<a data-id=\"549\" href=\"https:\/\/atalakulo.hu\/holnap\/civilla\/2025\/02\/03\/februari-szatyor-klub-tundi-biokertjevel\/\" class=\"tpg-post-link\" target=\"_self\">                        <img loading=\"lazy\" decoding=\"async\" src=\"https:\/\/atalakulo.hu\/holnap\/civilla\/wp-content\/uploads\/sites\/4\/2025\/02\/474882497_605445388863415_1357005595053599235_n-768x402.jpg\"\n                             class=\"rt-img-responsive\"\n                             width=\"768\"\n                             height=\"402\"\n                             alt=\"Szatyor Klub T\u00fcndi Biokertj\u00e9vel\">\n                        \n                            \n        <\/a>\n                <div class=\"overlay grid-hover-content\"><\/div>\n        \t\t\t\t<\/div>\n\t\t\t\n\t\t\t<div class=\"grid-hover-content\">\n\n\t\t\t\t<div class=\"entry-title-wrapper\"><h1 class=\"entry-title\"><a data-id=\"549\" href=\"https:\/\/atalakulo.hu\/holnap\/civilla\/2025\/02\/03\/februari-szatyor-klub-tundi-biokertjevel\/\" class=\"tpg-post-link\" target=\"_self\">Szatyor Klub T\u00fcndi Biokertj\u00e9vel<\/a><\/h1><\/div>\n\n\t\t\t\t\n\t\t\t\t\t\t\t\t\t<div class=\"tpg-excerpt tpg-el-excerpt\">\n\t\t\t\t\t\t\t\t\t\t\t\t\t<div class=\"tpg-excerpt-inner\">\n\t\t\t\t\t\t\t\tGyertek \u00e9s ismerj\u00e9tek meg \u0151t, illetve tanuljatok t\u0151le, hogyan kezdjetek otthon, kicsiben...\t\t\t\t\t\t\t<\/div>\n\t\t\t\t\t\t\t\t\t\t\t\t\t\t\t\t\t<\/div>\n\t\t\t\t\n\t\t\t\t        <div class=\"post-footer\">\n            <div class=\"post-footer\">\n                <div class=\"read-more\">\n                    <a data-id=\"549\" href=\"https:\/\/atalakulo.hu\/holnap\/civilla\/2025\/02\/03\/februari-szatyor-klub-tundi-biokertjevel\/\" class=\"tpg-post-link\" target=\"_self\">ELOLVASOM<\/a>                <\/div>\n            <\/div>\n        <\/div>\n        \t\t\t<\/div>\n\t\t<\/div>\n\t<\/div>\n<\/div>\n\n<div class=\"rt-col-md-4 rt-col-sm-6 rt-col-xs-12 default rt-grid-hover-item rt-grid-item\" data-id=\"492\">\n\t<div class=\"rt-holder tpg-post-holder \">\n\t\t<div class=\"rt-detail rt-el-content-wrapper\">\n\t\t\t\t\t\t\t<div class=\"rt-img-holder tpg-el-image-wrap has-thumbnail\">\n\t\t\t\t\t<a data-id=\"492\" href=\"https:\/\/atalakulo.hu\/holnap\/civilla\/2025\/02\/02\/492\/\" class=\"tpg-post-link\" target=\"_self\">                        <img loading=\"lazy\" decoding=\"async\" src=\"https:\/\/atalakulo.hu\/holnap\/civilla\/wp-content\/uploads\/sites\/4\/2025\/02\/Screenshot-2025-02-02-at-11.42.26-768x559.png\"\n                             class=\"rt-img-responsive\"\n                             width=\"768\"\n                             height=\"559\"\n                             alt=\"Nemzeti Fa\u00fcltet\u00e9s Napja\">\n                        \n                            \n        <\/a>\n                <div class=\"overlay grid-hover-content\"><\/div>\n        \t\t\t\t<\/div>\n\t\t\t\n\t\t\t<div class=\"grid-hover-content\">\n\n\t\t\t\t<div class=\"entry-title-wrapper\"><h1 class=\"entry-title\"><a data-id=\"492\" href=\"https:\/\/atalakulo.hu\/holnap\/civilla\/2025\/02\/02\/492\/\" class=\"tpg-post-link\" target=\"_self\">Nemzeti Fa\u00fcltet\u00e9s Napja<\/a><\/h1><\/div>\n\n\t\t\t\t\n\t\t\t\t\t\t\t\t\t<div class=\"tpg-excerpt tpg-el-excerpt\">\n\t\t\t\t\t\t\t\t\t\t\t\t\t<div class=\"tpg-excerpt-inner\">\n\t\t\t\t\t\t\t\tL\u00c9GY TE IS R\u00c9SZESE, GYERE A CIVILL\u00c1BA! Ha kapcsol\u00f3dn\u00e1l az \u00fcgyh\u00f6z, v\u00e1r a Z\u00f6ld\u00edt\u0151 Civil T\u00e1rsas\u00e1g...\t\t\t\t\t\t\t<\/div>\n\t\t\t\t\t\t\t\t\t\t\t\t\t\t\t\t\t<\/div>\n\t\t\t\t\n\t\t\t\t        <div class=\"post-footer\">\n            <div class=\"post-footer\">\n                <div class=\"read-more\">\n                    <a data-id=\"492\" href=\"https:\/\/atalakulo.hu\/holnap\/civilla\/2025\/02\/02\/492\/\" class=\"tpg-post-link\" target=\"_self\">ELOLVASOM<\/a>                <\/div>\n            <\/div>\n        <\/div>\n        \t\t\t<\/div>\n\t\t<\/div>\n\t<\/div>\n<\/div>\n            <\/div>\n\n\t\t\t        <\/div>\n\t\t\t\t\t\t<\/div>\n\t\t\t\t<\/div>\n\t\t\t\t\t<\/div>\n\t\t\t\t<\/div>\n\t\t<div class=\"elementor-element elementor-element-74ae9a96 e-flex e-con-boxed e-con e-parent\" data-id=\"74ae9a96\" data-element_type=\"container\" data-e-type=\"container\">\n\t\t\t\t\t<div class=\"e-con-inner\">\n\t\t<div class=\"elementor-element elementor-element-26cce592 e-con-full e-flex e-con e-child\" data-id=\"26cce592\" data-element_type=\"container\" data-e-type=\"container\">\n\t\t\t\t<\/div>\n\t\t<div class=\"elementor-element elementor-element-6284fd51 e-con-full e-flex e-con e-child\" data-id=\"6284fd51\" data-element_type=\"container\" data-e-type=\"container\">\n\t\t\t\t<\/div>\n\t\t\t\t\t<\/div>\n\t\t\t\t<\/div>\n\t\t\t\t<\/div>\n\t\t","protected":false},"excerpt":{"rendered":"<p>Gyertek \u00e9s ismerj\u00e9tek meg \u0151t, illetve tanuljatok t\u0151le, hogyan kezdjetek otthon, kicsiben kert\u00e9szkedni! Febru\u00e1ri Szatyor Klubunk el\u0151ad\u00f3ja N\u00e9methn\u00e9 Szab\u00f3 T\u00fcnde agr\u00e1rm\u00e9rn\u00f6k termel\u0151, akit T\u00fcndi Biokertje n\u00e9ven ismerhettek. T\u00fcndi t\u00f6bb, mint 10 \u00e9ve sz\u00fclei csal\u00e1di birtok\u00e1n gazd\u00e1lkodik \u00f6kol\u00f3giai m\u00f3dszerekkel, de ami m\u00e9g fontosabb, sz\u00edvvel \u00e9s szeretettel. Emellett a Gyermekliget Alternat\u00edv Iskola \u00f6kokert programj\u00e1nak is meg\u00e1lmod\u00f3ja. Nemcsak &hellip; <\/p>\n","protected":false},"author":27,"featured_media":552,"comment_status":"closed","ping_status":"open","sticky":false,"template":"","format":"standard","meta":{"_monsterinsights_skip_tracking":false,"_monsterinsights_sitenote_active":false,"_monsterinsights_sitenote_note":"","_monsterinsights_sitenote_category":0,"footnotes":""},"categories":[52,57,49],"tags":[62,59,61,63],"class_list":["post-549","post","type-post","status-publish","format-standard","has-post-thumbnail","hentry","category-esemenyek","category-kapcsolodj-be","category-zold-esemenyek","tag-egeszseges-elelmiszer","tag-gazdalkodas","tag-hazai-termek","tag-kecskemeti-szatyor","wpautop"],"aioseo_notices":[],"featured_image_src":"https:\/\/atalakulo.hu\/holnap\/civilla\/wp-content\/uploads\/sites\/4\/2025\/02\/474882497_605445388863415_1357005595053599235_n.jpg","author_info":{"display_name":"galkati","author_link":"https:\/\/atalakulo.hu\/holnap\/civilla\/author\/galkati\/"},"rttpg_featured_image_url":{"full":["https:\/\/atalakulo.hu\/holnap\/civilla\/wp-content\/uploads\/sites\/4\/2025\/02\/474882497_605445388863415_1357005595053599235_n.jpg",1200,628,false],"landscape":["https:\/\/atalakulo.hu\/holnap\/civilla\/wp-content\/uploads\/sites\/4\/2025\/02\/474882497_605445388863415_1357005595053599235_n.jpg",1200,628,false],"portraits":["https:\/\/atalakulo.hu\/holnap\/civilla\/wp-content\/uploads\/sites\/4\/2025\/02\/474882497_605445388863415_1357005595053599235_n.jpg",1200,628,false],"thumbnail":["https:\/\/atalakulo.hu\/holnap\/civilla\/wp-content\/uploads\/sites\/4\/2025\/02\/474882497_605445388863415_1357005595053599235_n-150x150.jpg",150,150,true],"medium":["https:\/\/atalakulo.hu\/holnap\/civilla\/wp-content\/uploads\/sites\/4\/2025\/02\/474882497_605445388863415_1357005595053599235_n-300x157.jpg",300,157,true],"large":["https:\/\/atalakulo.hu\/holnap\/civilla\/wp-content\/uploads\/sites\/4\/2025\/02\/474882497_605445388863415_1357005595053599235_n-1024x536.jpg",770,403,true],"post-slider-thumb-size":["https:\/\/atalakulo.hu\/holnap\/civilla\/wp-content\/uploads\/sites\/4\/2025\/02\/474882497_605445388863415_1357005595053599235_n-330x190.jpg",330,190,true],"post-category-slider-size":["https:\/\/atalakulo.hu\/holnap\/civilla\/wp-content\/uploads\/sites\/4\/2025\/02\/474882497_605445388863415_1357005595053599235_n-330x350.jpg",330,350,true],"1536x1536":["https:\/\/atalakulo.hu\/holnap\/civilla\/wp-content\/uploads\/sites\/4\/2025\/02\/474882497_605445388863415_1357005595053599235_n.jpg",1200,628,false],"2048x2048":["https:\/\/atalakulo.hu\/holnap\/civilla\/wp-content\/uploads\/sites\/4\/2025\/02\/474882497_605445388863415_1357005595053599235_n.jpg",1200,628,false],"gs-tiny":["https:\/\/atalakulo.hu\/holnap\/civilla\/wp-content\/uploads\/sites\/4\/2025\/02\/474882497_605445388863415_1357005595053599235_n-50x26.jpg",50,26,true],"xl":["https:\/\/atalakulo.hu\/holnap\/civilla\/wp-content\/uploads\/sites\/4\/2025\/02\/474882497_605445388863415_1357005595053599235_n.jpg",1200,628,false],"xxl":["https:\/\/atalakulo.hu\/holnap\/civilla\/wp-content\/uploads\/sites\/4\/2025\/02\/474882497_605445388863415_1357005595053599235_n.jpg",1200,628,false],"xxxl":["https:\/\/atalakulo.hu\/holnap\/civilla\/wp-content\/uploads\/sites\/4\/2025\/02\/474882497_605445388863415_1357005595053599235_n.jpg",1200,628,false],"xxxxl":["https:\/\/atalakulo.hu\/holnap\/civilla\/wp-content\/uploads\/sites\/4\/2025\/02\/474882497_605445388863415_1357005595053599235_n.jpg",1200,628,false],"xxxxxl":["https:\/\/atalakulo.hu\/holnap\/civilla\/wp-content\/uploads\/sites\/4\/2025\/02\/474882497_605445388863415_1357005595053599235_n.jpg",1200,628,false],"vandana-lite-slider":["https:\/\/atalakulo.hu\/holnap\/civilla\/wp-content\/uploads\/sites\/4\/2025\/02\/474882497_605445388863415_1357005595053599235_n-580x628.jpg",580,628,true],"vandana-lite-about":["https:\/\/atalakulo.hu\/holnap\/civilla\/wp-content\/uploads\/sites\/4\/2025\/02\/474882497_605445388863415_1357005595053599235_n-500x628.jpg",500,628,true],"vandana-lite-service":["https:\/\/atalakulo.hu\/holnap\/civilla\/wp-content\/uploads\/sites\/4\/2025\/02\/474882497_605445388863415_1357005595053599235_n-562x364.jpg",562,364,true],"vandana-lite-blog-sec":["https:\/\/atalakulo.hu\/holnap\/civilla\/wp-content\/uploads\/sites\/4\/2025\/02\/474882497_605445388863415_1357005595053599235_n-570x333.jpg",570,333,true],"vandana-lite-blog":["https:\/\/atalakulo.hu\/holnap\/civilla\/wp-content\/uploads\/sites\/4\/2025\/02\/474882497_605445388863415_1357005595053599235_n-770x450.jpg",770,450,true],"vandana-lite-blog-full":["https:\/\/atalakulo.hu\/holnap\/civilla\/wp-content\/uploads\/sites\/4\/2025\/02\/474882497_605445388863415_1357005595053599235_n-1170x600.jpg",1170,600,true],"vandana-lite-blog-list":["https:\/\/atalakulo.hu\/holnap\/civilla\/wp-content\/uploads\/sites\/4\/2025\/02\/474882497_605445388863415_1357005595053599235_n-280x300.jpg",280,300,true],"vandana-lite-blog-grid":["https:\/\/atalakulo.hu\/holnap\/civilla\/wp-content\/uploads\/sites\/4\/2025\/02\/474882497_605445388863415_1357005595053599235_n-370x300.jpg",370,300,true]},"rttpg_author":{"display_name":"galkati","author_link":"https:\/\/atalakulo.hu\/holnap\/civilla\/author\/galkati\/"},"rttpg_comment":0,"rttpg_category":"<a href=\"https:\/\/atalakulo.hu\/holnap\/civilla\/category\/esemenyek\/\" rel=\"category tag\">Esem\u00e9nyek<\/a> <a href=\"https:\/\/atalakulo.hu\/holnap\/civilla\/category\/kapcsolodj-be\/\" rel=\"category tag\">Kapcsol\u00f3dj be!<\/a> <a href=\"https:\/\/atalakulo.hu\/holnap\/civilla\/category\/zold-esemenyek\/\" rel=\"category tag\">Z\u00f6ld esem\u00e9nyek<\/a>","rttpg_excerpt":"Gyertek \u00e9s ismerj\u00e9tek meg \u0151t, illetve tanuljatok t\u0151le, hogyan kezdjetek otthon, kicsiben kert\u00e9szkedni! Febru\u00e1ri Szatyor Klubunk el\u0151ad\u00f3ja N\u00e9methn\u00e9 Szab\u00f3 T\u00fcnde agr\u00e1rm\u00e9rn\u00f6k termel\u0151, akit T\u00fcndi Biokertje n\u00e9ven ismerhettek. T\u00fcndi t\u00f6bb, mint 10 \u00e9ve sz\u00fclei csal\u00e1di birtok\u00e1n gazd\u00e1lkodik \u00f6kol\u00f3giai m\u00f3dszerekkel, de ami m\u00e9g fontosabb, sz\u00edvvel \u00e9s szeretettel. Emellett a Gyermekliget Alternat\u00edv Iskola \u00f6kokert programj\u00e1nak is meg\u00e1lmod\u00f3ja. Nemcsak&hellip;","_links":{"self":[{"href":"https:\/\/atalakulo.hu\/holnap\/civilla\/wp-json\/wp\/v2\/posts\/549","targetHints":{"allow":["GET"]}}],"collection":[{"href":"https:\/\/atalakulo.hu\/holnap\/civilla\/wp-json\/wp\/v2\/posts"}],"about":[{"href":"https:\/\/atalakulo.hu\/holnap\/civilla\/wp-json\/wp\/v2\/types\/post"}],"author":[{"embeddable":true,"href":"https:\/\/atalakulo.hu\/holnap\/civilla\/wp-json\/wp\/v2\/users\/27"}],"replies":[{"embeddable":true,"href":"https:\/\/atalakulo.hu\/holnap\/civilla\/wp-json\/wp\/v2\/comments?post=549"}],"version-history":[{"count":15,"href":"https:\/\/atalakulo.hu\/holnap\/civilla\/wp-json\/wp\/v2\/posts\/549\/revisions"}],"predecessor-version":[{"id":568,"href":"https:\/\/atalakulo.hu\/holnap\/civilla\/wp-json\/wp\/v2\/posts\/549\/revisions\/568"}],"wp:featuredmedia":[{"embeddable":true,"href":"https:\/\/atalakulo.hu\/holnap\/civilla\/wp-json\/wp\/v2\/media\/552"}],"wp:attachment":[{"href":"https:\/\/atalakulo.hu\/holnap\/civilla\/wp-json\/wp\/v2\/media?parent=549"}],"wp:term":[{"taxonomy":"category","embeddable":true,"href":"https:\/\/atalakulo.hu\/holnap\/civilla\/wp-json\/wp\/v2\/categories?post=549"},{"taxonomy":"post_tag","embeddable":true,"href":"https:\/\/atalakulo.hu\/holnap\/civilla\/wp-json\/wp\/v2\/tags?post=549"}],"curies":[{"name":"wp","href":"https:\/\/api.w.org\/{rel}","templated":true}]}}