{"id":819,"date":"2025-02-05T23:09:55","date_gmt":"2025-02-05T22:09:55","guid":{"rendered":"https:\/\/atalakulo.hu\/holnap\/civilla\/?p=819"},"modified":"2025-02-05T23:59:06","modified_gmt":"2025-02-05T22:59:06","slug":"xii-kecskemeti-magvas-nap-2025-marcius-1","status":"publish","type":"post","link":"https:\/\/atalakulo.hu\/holnap\/civilla\/2025\/02\/05\/xii-kecskemeti-magvas-nap-2025-marcius-1\/","title":{"rendered":"XII. Kecskem\u00e9ti Magvas Nap"},"content":{"rendered":"\t\t<div data-elementor-type=\"wp-post\" data-elementor-id=\"819\" class=\"elementor elementor-819\" data-elementor-post-type=\"post\">\n\t\t\t\t<div class=\"elementor-element elementor-element-65432516 e-flex e-con-boxed e-con e-parent\" data-id=\"65432516\" data-element_type=\"container\" data-e-type=\"container\">\n\t\t\t\t\t<div class=\"e-con-inner\">\n\t\t\t\t<div class=\"elementor-element elementor-element-3165613d elementor-widget elementor-widget-heading\" data-id=\"3165613d\" data-element_type=\"widget\" data-e-type=\"widget\" data-widget_type=\"heading.default\">\n\t\t\t\t<div class=\"elementor-widget-container\">\n\t\t\t\t\t<h1 class=\"elementor-heading-title elementor-size-default\">Sz\u00e1munkra is felemel\u0151 le\u00edrni, <br>de id\u00e9n 12. alkalommal ker\u00fcl megrendez\u00e9sre Kecskem\u00e9t v\u00e1ros\u00e1ban a Magvas Nap, <br>melyre sok szeretettel h\u00edvunk meg Titeket!<br><br>2025. m\u00e1rcius 1.<\/h1>\t\t\t\t<\/div>\n\t\t\t\t<\/div>\n\t\t\t\t\t<\/div>\n\t\t\t\t<\/div>\n\t\t<div class=\"elementor-element elementor-element-1ba9e46f e-con-full e-flex e-con e-parent\" data-id=\"1ba9e46f\" data-element_type=\"container\" data-e-type=\"container\">\n\t\t\t\t<div class=\"elementor-element elementor-element-748f4945 elementor-widget elementor-widget-text-editor\" data-id=\"748f4945\" data-element_type=\"widget\" data-e-type=\"widget\" data-widget_type=\"text-editor.default\">\n\t\t\t\t<div class=\"elementor-widget-container\">\n\t\t\t\t\t\t\t\t\t<div class=\"x11i5rnm xat24cr x1mh8g0r x1vvkbs xtlvy1s\"><strong>A nap programja:<\/strong><\/div><div>\u00a0<\/div><div class=\"x11i5rnm xat24cr x1mh8g0r x1vvkbs xtlvy1s\">09:00-09.45 Nyit\u00e1s, regisztr\u00e1ci\u00f3<\/div><div class=\"x11i5rnm xat24cr x1mh8g0r x1vvkbs xtlvy1s\">09.45-10.00 K\u00f6sz\u00f6nt\u0151 &#8211; Ol\u00e1h Edit (Kecskem\u00e9ti Szatyor Egyes\u00fclet)<\/div><div class=\"x11i5rnm xat24cr x1mh8g0r x1vvkbs xtlvy1s\">10.00-10.45 Magfog\u00e1si alapismeretek &#8211; R\u00e9thy Katalin (Magh\u00e1z Egyes\u00fclet)<\/div><div class=\"x11i5rnm xat24cr x1mh8g0r x1vvkbs xtlvy1s\">11:00-11.45 \u00d6kol\u00f3giai szemmel a kiskertemben &#8211; javasolt els\u0151 l\u00e9p\u00e9sek kezd\u0151 kert\u00e9szeknek &#8211; N\u00e9methn\u00e9 Szab\u00f3 T\u00fcnde agr\u00e1rm\u00e9rn\u00f6k, bio kert\u00e9sz<\/div><div class=\"x11i5rnm xat24cr x1mh8g0r x1vvkbs xtlvy1s\">12.00-13.00 Eb\u00e9dsz\u00fcnet termel\u0151i b\u00fcf\u00e9vel<\/div><div class=\"x11i5rnm xat24cr x1mh8g0r x1vvkbs xtlvy1s\">13.00-15.00 Magcsere, valamint szemz\u00e9s workshop Roszn\u00e1ky- Barna P\u00e9terrel (Csodakert\u00e9sz Barna Faiskola)<\/div><div>\u00a0<\/div><div class=\"x11i5rnm xat24cr x1mh8g0r x1vvkbs xtlvy1s\" style=\"text-align: center;\"><strong>A r\u00e9szv\u00e9tel ingyenes, de regisztr\u00e1ci\u00f3hoz k\u00f6t\u00f6tt! <\/strong><\/div><div class=\"x11i5rnm xat24cr x1mh8g0r x1vvkbs xtlvy1s\" style=\"text-align: center;\"><strong>Kattints a k\u00e9pre:<\/strong><\/div>\t\t\t\t\t\t\t\t<\/div>\n\t\t\t\t<\/div>\n\t\t\t\t<\/div>\n\t\t<div class=\"elementor-element elementor-element-52efd07b e-flex e-con-boxed e-con e-parent\" data-id=\"52efd07b\" data-element_type=\"container\" data-e-type=\"container\">\n\t\t\t\t\t<div class=\"e-con-inner\">\n\t\t\t\t<div class=\"elementor-element elementor-element-5ec43bf5 animated-slow elementor-invisible elementor-widget elementor-widget-wp-widget-bttk_advertisement_widget\" data-id=\"5ec43bf5\" data-element_type=\"widget\" data-e-type=\"widget\" data-settings=\"{&quot;_animation&quot;:&quot;zoomIn&quot;}\" data-widget_type=\"wp-widget-bttk_advertisement_widget.default\">\n\t\t\t\t<div class=\"elementor-widget-container\">\n\t\t\t\t\t        \n            <div class=\"bttk-add-holder\">\n                <div class=\"bttk-add-inner-holder\">\n                    <div class=\"text-holder\">\n\t                                                  \n                    <\/div>\n                                            <div class=\"icon-holder\">\n                            <a href=\"https:\/\/docs.google.com\/forms\/d\/e\/1FAIpQLSeGJ9986Ce3-K3pdI8wgurprAWwCvmwYqo2MBtQEDJWuTF80A\/viewform\" rel=\"noopener noexternal\" target=\"_blank\">                            <img fetchpriority=\"high\" decoding=\"async\" width=\"435\" height=\"130\" src=\"https:\/\/atalakulo.hu\/holnap\/civilla\/wp-content\/uploads\/sites\/4\/2025\/02\/Screenshot-2025-02-05-at-23.17.23.png\" class=\"attachment-full size-full\" alt=\"\" srcset=\"https:\/\/atalakulo.hu\/holnap\/civilla\/wp-content\/uploads\/sites\/4\/2025\/02\/Screenshot-2025-02-05-at-23.17.23.png 435w, https:\/\/atalakulo.hu\/holnap\/civilla\/wp-content\/uploads\/sites\/4\/2025\/02\/Screenshot-2025-02-05-at-23.17.23-300x90.png 300w, https:\/\/atalakulo.hu\/holnap\/civilla\/wp-content\/uploads\/sites\/4\/2025\/02\/Screenshot-2025-02-05-at-23.17.23-50x15.png 50w\" sizes=\"(max-width: 435px) 100vw, 435px\" \/><\/a>\n                        <\/div>\n                                    \n        \n                <\/div>\n\t\t\t<\/div>\n        \t\t\t\t<\/div>\n\t\t\t\t<\/div>\n\t\t\t\t\t<\/div>\n\t\t\t\t<\/div>\n\t\t<div class=\"elementor-element elementor-element-3471ddc e-flex e-con-boxed e-con e-parent\" data-id=\"3471ddc\" data-element_type=\"container\" data-e-type=\"container\">\n\t\t\t\t\t<div class=\"e-con-inner\">\n\t\t\t\t<div class=\"elementor-element elementor-element-7c7d2c5 elementor-widget elementor-widget-text-editor\" data-id=\"7c7d2c5\" data-element_type=\"widget\" data-e-type=\"widget\" data-widget_type=\"text-editor.default\">\n\t\t\t\t<div class=\"elementor-widget-container\">\n\t\t\t\t\t\t\t\t\t<div class=\"x11i5rnm xat24cr x1mh8g0r x1vvkbs xtlvy1s\"><p style=\"text-align: center;\"><strong>FELIRATOZZON!<\/strong>\u00a0<\/p><p>L\u00e1ssa el a k\u00f6vetkez\u0151 feliratokkal a magtasakokat, hogy tudja mindenki, mit kap a m\u00e1sikt\u00f3l!<\/p><p>Magtasakokon javasolt felt\u00fcntetend\u0151 inform\u00e1ci\u00f3k:<\/p><p>1. A magfog\u00f3 Neve, Telep\u00fcl\u00e9se<\/p><p>2. A n\u00f6v\u00e9ny \u00e9s a fajta magyar neve: pl: paradicsom, Gy\u00f6ngy\u00f6si<\/p><p>3. H\u00e1ny db mag van a csomagban (kis n\u00f6v\u00e9ny, apr\u00f3 mag eset\u00e9n min 20, nagy n\u00f6v\u00e9ny eset\u00e9n min 6 db, gum\u00f3kb\u00f3l 3 db)<\/p><p>4. Magfog\u00e1s \u00e9ve: pl.: 2023.<\/p><p>5. Latin n\u00e9v (opcion\u00e1lis),<\/p><p>6. \u00d6kol\u00f3giai min\u0151s\u00edtett, esetleg vegyszermentes, vagy konvencion\u00e1lis termeszt\u00e9sb\u0151l sz\u00e1rmazik (opcion\u00e1lis),<\/p><p>7. El\u00e9rhet\u0151s\u00e9g (email c\u00edm, telefon sz\u00e1m) (opcion\u00e1lis)<\/p><p>\u00a0<\/p><p style=\"text-align: center;\">Kapcsolat:\u00a0<span id=\"cloak772da43b36ebc3639d0e6a94bcdbaa43\"><a href=\"mailto:info@magvasnap.hu\">info@magvasnap.hu<\/a><\/span><\/p><p style=\"text-align: center;\">Tov\u00e1bbi inform\u00e1ci\u00f3:\u00a0<a class=\"x1i10hfl xjbqb8w x1ejq31n xd10rxx x1sy0etr x17r0tee x972fbf xcfux6l x1qhh985 xm0m39n x9f619 x1ypdohk xt0psk2 xe8uvvx xdj266r x11i5rnm xat24cr x1mh8g0r xexx8yu x4uap5 x18d9i69 xkhd6sd x16tdsg8 x1hl2dhg xggy1nq x1a2a7pz x1sur9pj xkrqix3 x1fey0fg x1s688f\" tabindex=\"0\" role=\"link\" href=\"http:\/\/www.magvasnap.hu\/?fbclid=IwZXh0bgNhZW0CMTAAAR2whYLqoKxHPunGOrFZKFx5Q2A1jShAJI_TAzzdZoFVpXXKJjOYJuP9dDg_aem_8nhXUb0pyT7eojmTTt8vPQ\" target=\"_blank\" rel=\"nofollow noopener noreferrer\">www.magvasnap.hu<\/a><\/p><\/div>\t\t\t\t\t\t\t\t<\/div>\n\t\t\t\t<\/div>\n\t\t\t\t\t<\/div>\n\t\t\t\t<\/div>\n\t\t<div class=\"elementor-element elementor-element-334bbcc e-flex e-con-boxed e-con e-parent\" data-id=\"334bbcc\" data-element_type=\"container\" data-e-type=\"container\">\n\t\t\t\t\t<div class=\"e-con-inner\">\n\t\t\t\t<div class=\"elementor-element elementor-element-d710d74 elementor-widget elementor-widget-text-editor\" data-id=\"d710d74\" data-element_type=\"widget\" data-e-type=\"widget\" data-widget_type=\"text-editor.default\">\n\t\t\t\t<div class=\"elementor-widget-container\">\n\t\t\t\t\t\t\t\t\t<h4>&#8222;A projekt az Eur\u00f3pai Uni\u00f3 &#8222;Polg\u00e1rok, egyenl\u0151s\u00e9g, jogok \u00e9s \u00e9rt\u00e9kek\u201d (CERV) programj\u00e1nak t\u00e1mogat\u00e1s\u00e1val val\u00f3sul meg. Az Eur\u00f3pai Bizotts\u00e1g t\u00e1mogat\u00e1sa nem jelenti a projektben megval\u00f3s\u00edtott tev\u00e9kenys\u00e9gek tartalm\u00e1nak j\u00f3v\u00e1hagy\u00e1s\u00e1t, amely kiz\u00e1r\u00f3lag az azt megval\u00f3s\u00edt\u00f3k \u00e1ll\u00e1spontj\u00e1t t\u00fckr\u00f6zi, valamint a Bizotts\u00e1g nem tehet\u0151 felel\u0151ss\u00e9 ezen inform\u00e1ci\u00f3k b\u00e1rminem\u0171 felhaszn\u00e1l\u00e1s\u00e1\u00e9rt.&#8221;<\/h4>\t\t\t\t\t\t\t\t<\/div>\n\t\t\t\t<\/div>\n\t\t\t\t\t<\/div>\n\t\t\t\t<\/div>\n\t\t<div class=\"elementor-element elementor-element-54741699 e-flex e-con-boxed e-con e-parent\" data-id=\"54741699\" data-element_type=\"container\" data-e-type=\"container\">\n\t\t\t\t\t<div class=\"e-con-inner\">\n\t\t\t\t<div class=\"elementor-element elementor-element-79faeb7a title_hover_border_disable title-one-line section-title-align-center title-alignment-center section-title-style-style1 title_position_default img_hover_animation_default readmore-btn-default-style grid-hover-overlay-type-always grid-hover-overlay-height-default hover-overlay-height-default tpg-border-bottom-disable elementor-widget elementor-widget-tpg-grid-hover-layout\" data-id=\"79faeb7a\" data-element_type=\"widget\" data-e-type=\"widget\" data-widget_type=\"tpg-grid-hover-layout.default\">\n\t\t\t\t<div class=\"elementor-widget-container\">\n\t\t\t\t\t\n        <div class=\"rt-container-fluid rt-tpg-container tpg-el-main-wrapper grid_hover-layout2-main \"\n             id=\"rt-tpg-container-556331100\"\n             data-layout=\"grid_hover-layout2\"\n             data-sc-id=\"elementor\"\n             data-el-settings=''\n             data-el-query=''\n             data-el-path=''\n        >\n\t\t\t            <div class='tpg-header-wrapper '>\n\t\t\t\t\n        <div class=\"tpg-widget-heading-wrapper rt-clear heading-style1 \">\n            <span class=\"tpg-widget-heading-line line-left\"><\/span>\n            <h1 class='tpg-widget-heading'>\n            \n                                    <span>\n\t\t\t\t\t\tTov\u00e1bbi esem\u00e9nyeink\t\t\t\t\t<\/span>\n                    \n                            <\/h1>            <span class=\"tpg-widget-heading-line line-right\"><\/span>\n\n            \n        <\/div>\n\n        \n                    <\/div>\n\n            <div data-title=\"Loading ...\"\n                 class=\"rt-row rt-content-loader grid_hover-layout2 tpg-even grid-behaviour grid_hover_layout_wrapper\">\n\t\t\t\t\n<div class=\"rt-col-md-4 rt-col-sm-6 rt-col-xs-12 default rt-grid-hover-item rt-grid-item\" data-id=\"1023\">\n\t<div class=\"rt-holder tpg-post-holder \">\n\t\t<div class=\"rt-detail rt-el-content-wrapper\">\n\t\t\t\t\t\t\t<div class=\"rt-img-holder tpg-el-image-wrap has-thumbnail\">\n\t\t\t\t\t<a data-id=\"1023\" href=\"https:\/\/atalakulo.hu\/holnap\/civilla\/2025\/06\/04\/szaytor-klub-megelhetes-a-homokon\/\" class=\"tpg-post-link\" target=\"_self\">                        <img decoding=\"async\" src=\"https:\/\/atalakulo.hu\/holnap\/civilla\/wp-content\/uploads\/sites\/4\/2025\/06\/500244209_693688793372407_8567437461695684530_n-768x402.jpg\"\n                             class=\"rt-img-responsive\"\n                             width=\"768\"\n                             height=\"402\"\n                             alt=\"Szaytor Klub-Meg\u00e9lhet\u00e9s a homokon\">\n                        \n                            \n        <\/a>\n                <div class=\"overlay grid-hover-content\"><\/div>\n        \t\t\t\t<\/div>\n\t\t\t\n\t\t\t<div class=\"grid-hover-content\">\n\n\t\t\t\t<div class=\"entry-title-wrapper\"><h1 class=\"entry-title\"><a data-id=\"1023\" href=\"https:\/\/atalakulo.hu\/holnap\/civilla\/2025\/06\/04\/szaytor-klub-megelhetes-a-homokon\/\" class=\"tpg-post-link\" target=\"_self\">Szaytor Klub-Meg\u00e9lhet\u00e9s a homokon<\/a><\/h1><\/div>\n\n\t\t\t\t\n\t\t\t\t\t\t\t\t\t<div class=\"tpg-excerpt tpg-el-excerpt\">\n\t\t\t\t\t\t\t\t\t\t\t\t\t<div class=\"tpg-excerpt-inner\">\n\t\t\t\t\t\t\t\tOlga akt\u00edv nyugd\u00edjask\u00e9nt a term\u00e9szetv\u00e9delemnek, a t\u00e1j-ember kapcsolat\u00e1nak, valamint a nemzetk\u00f6zi...\t\t\t\t\t\t\t<\/div>\n\t\t\t\t\t\t\t\t\t\t\t\t\t\t\t\t\t<\/div>\n\t\t\t\t\n\t\t\t\t        <div class=\"post-footer\">\n            <div class=\"post-footer\">\n                <div class=\"read-more\">\n                    <a data-id=\"1023\" href=\"https:\/\/atalakulo.hu\/holnap\/civilla\/2025\/06\/04\/szaytor-klub-megelhetes-a-homokon\/\" class=\"tpg-post-link\" target=\"_self\">ELOLVASOM<\/a>                <\/div>\n            <\/div>\n        <\/div>\n        \t\t\t<\/div>\n\t\t<\/div>\n\t<\/div>\n<\/div>\n\n<div class=\"rt-col-md-4 rt-col-sm-6 rt-col-xs-12 default rt-grid-hover-item rt-grid-item\" data-id=\"994\">\n\t<div class=\"rt-holder tpg-post-holder \">\n\t\t<div class=\"rt-detail rt-el-content-wrapper\">\n\t\t\t\t\t\t\t<div class=\"rt-img-holder tpg-el-image-wrap has-thumbnail\">\n\t\t\t\t\t<a data-id=\"994\" href=\"https:\/\/atalakulo.hu\/holnap\/civilla\/2025\/03\/25\/szatyor-klub-ungvarine-s-eszterrel\/\" class=\"tpg-post-link\" target=\"_self\">                        <img decoding=\"async\" src=\"https:\/\/atalakulo.hu\/holnap\/civilla\/wp-content\/uploads\/sites\/4\/2025\/03\/Ungvarine-Sz.-Eszter-1920-x-1005-keppont-1200-x-800-keppont-1-768x512.png\"\n                             class=\"rt-img-responsive\"\n                             width=\"768\"\n                             height=\"512\"\n                             alt=\"Szatyor klub Ungv\u00e1rin\u00e9 S. Eszterrel\">\n                        \n                            \n        <\/a>\n                <div class=\"overlay grid-hover-content\"><\/div>\n        \t\t\t\t<\/div>\n\t\t\t\n\t\t\t<div class=\"grid-hover-content\">\n\n\t\t\t\t<div class=\"entry-title-wrapper\"><h1 class=\"entry-title\"><a data-id=\"994\" href=\"https:\/\/atalakulo.hu\/holnap\/civilla\/2025\/03\/25\/szatyor-klub-ungvarine-s-eszterrel\/\" class=\"tpg-post-link\" target=\"_self\">Szatyor klub Ungv\u00e1rin\u00e9 S. Eszterrel<\/a><\/h1><\/div>\n\n\t\t\t\t\n\t\t\t\t\t\t\t\t\t<div class=\"tpg-excerpt tpg-el-excerpt\">\n\t\t\t\t\t\t\t\t\t\t\t\t\t<div class=\"tpg-excerpt-inner\">\n\t\t\t\t\t\t\t\t2025. 04. 01. kedd, 16:30- 18:00 Eszter k\u00f6rnyezetgazd\u00e1lkod\u00e1si agr\u00e1rm\u00e9rn\u00f6k, biol\u00f3giai...\t\t\t\t\t\t\t<\/div>\n\t\t\t\t\t\t\t\t\t\t\t\t\t\t\t\t\t<\/div>\n\t\t\t\t\n\t\t\t\t        <div class=\"post-footer\">\n            <div class=\"post-footer\">\n                <div class=\"read-more\">\n                    <a data-id=\"994\" href=\"https:\/\/atalakulo.hu\/holnap\/civilla\/2025\/03\/25\/szatyor-klub-ungvarine-s-eszterrel\/\" class=\"tpg-post-link\" target=\"_self\">ELOLVASOM<\/a>                <\/div>\n            <\/div>\n        <\/div>\n        \t\t\t<\/div>\n\t\t<\/div>\n\t<\/div>\n<\/div>\n\n<div class=\"rt-col-md-4 rt-col-sm-6 rt-col-xs-12 default rt-grid-hover-item rt-grid-item\" data-id=\"974\">\n\t<div class=\"rt-holder tpg-post-holder \">\n\t\t<div class=\"rt-detail rt-el-content-wrapper\">\n\t\t\t\t\t\t\t<div class=\"rt-img-holder tpg-el-image-wrap has-thumbnail\">\n\t\t\t\t\t<a data-id=\"974\" href=\"https:\/\/atalakulo.hu\/holnap\/civilla\/2025\/03\/10\/iii-agrookologiai-napok\/\" class=\"tpg-post-link\" target=\"_self\">                        <img loading=\"lazy\" decoding=\"async\" src=\"https:\/\/atalakulo.hu\/holnap\/civilla\/wp-content\/uploads\/sites\/4\/2025\/03\/480814318_1044803934358910_9010016660359474014_n-768x284.jpg\"\n                             class=\"rt-img-responsive\"\n                             width=\"768\"\n                             height=\"284\"\n                             alt=\"III. Agro\u00f6kol\u00f3giai Napok\">\n                        \n                            \n        <\/a>\n                <div class=\"overlay grid-hover-content\"><\/div>\n        \t\t\t\t<\/div>\n\t\t\t\n\t\t\t<div class=\"grid-hover-content\">\n\n\t\t\t\t<div class=\"entry-title-wrapper\"><h1 class=\"entry-title\"><a data-id=\"974\" href=\"https:\/\/atalakulo.hu\/holnap\/civilla\/2025\/03\/10\/iii-agrookologiai-napok\/\" class=\"tpg-post-link\" target=\"_self\">III. Agro\u00f6kol\u00f3giai Napok<\/a><\/h1><\/div>\n\n\t\t\t\t\n\t\t\t\t\t\t\t\t\t<div class=\"tpg-excerpt tpg-el-excerpt\">\n\t\t\t\t\t\t\t\t\t\t\t\t\t<div class=\"tpg-excerpt-inner\">\n\t\t\t\t\t\t\t\tSzeretn\u00e9nk megh\u00edvni soron k\u00f6vetkez\u0151 rendezv\u00e9ny\u00fcnkre, ahol tagjaink bemutatj\u00e1k tev\u00e9kenys\u00e9geiket...\t\t\t\t\t\t\t<\/div>\n\t\t\t\t\t\t\t\t\t\t\t\t\t\t\t\t\t<\/div>\n\t\t\t\t\n\t\t\t\t        <div class=\"post-footer\">\n            <div class=\"post-footer\">\n                <div class=\"read-more\">\n                    <a data-id=\"974\" href=\"https:\/\/atalakulo.hu\/holnap\/civilla\/2025\/03\/10\/iii-agrookologiai-napok\/\" class=\"tpg-post-link\" target=\"_self\">ELOLVASOM<\/a>                <\/div>\n            <\/div>\n        <\/div>\n        \t\t\t<\/div>\n\t\t<\/div>\n\t<\/div>\n<\/div>\n\n<div class=\"rt-col-md-4 rt-col-sm-6 rt-col-xs-12 default rt-grid-hover-item rt-grid-item\" data-id=\"881\">\n\t<div class=\"rt-holder tpg-post-holder \">\n\t\t<div class=\"rt-detail rt-el-content-wrapper\">\n\t\t\t\t\t\t\t<div class=\"rt-img-holder tpg-el-image-wrap has-thumbnail\">\n\t\t\t\t\t<a data-id=\"881\" href=\"https:\/\/atalakulo.hu\/holnap\/civilla\/2025\/02\/25\/vegyszermentes-konyhakertesz-workshop\/\" class=\"tpg-post-link\" target=\"_self\">                        <img loading=\"lazy\" decoding=\"async\" src=\"https:\/\/atalakulo.hu\/holnap\/civilla\/wp-content\/uploads\/sites\/4\/2025\/02\/konyhakertesz-ws-768x512.jpg\"\n                             class=\"rt-img-responsive\"\n                             width=\"768\"\n                             height=\"512\"\n                             alt=\"Vegyszermentes konyhakert\u00e9sz workshop\">\n                        \n                            \n        <\/a>\n                <div class=\"overlay grid-hover-content\"><\/div>\n        \t\t\t\t<\/div>\n\t\t\t\n\t\t\t<div class=\"grid-hover-content\">\n\n\t\t\t\t<div class=\"entry-title-wrapper\"><h1 class=\"entry-title\"><a data-id=\"881\" href=\"https:\/\/atalakulo.hu\/holnap\/civilla\/2025\/02\/25\/vegyszermentes-konyhakertesz-workshop\/\" class=\"tpg-post-link\" target=\"_self\">Vegyszermentes konyhakert\u00e9sz workshop<\/a><\/h1><\/div>\n\n\t\t\t\t\n\t\t\t\t\t\t\t\t\t<div class=\"tpg-excerpt tpg-el-excerpt\">\n\t\t\t\t\t\t\t\t\t\t\t\t\t<div class=\"tpg-excerpt-inner\">\n\t\t\t\t\t\t\t\tV\u00e1ltoztasd meg \u00f6r\u00f6kre a kerted, teremts Ehet\u0151 Kertet! Kedves kert\u00e9szek \u00e9s kert\u00e9szkedni...\t\t\t\t\t\t\t<\/div>\n\t\t\t\t\t\t\t\t\t\t\t\t\t\t\t\t\t<\/div>\n\t\t\t\t\n\t\t\t\t        <div class=\"post-footer\">\n            <div class=\"post-footer\">\n                <div class=\"read-more\">\n                    <a data-id=\"881\" href=\"https:\/\/atalakulo.hu\/holnap\/civilla\/2025\/02\/25\/vegyszermentes-konyhakertesz-workshop\/\" class=\"tpg-post-link\" target=\"_self\">ELOLVASOM<\/a>                <\/div>\n            <\/div>\n        <\/div>\n        \t\t\t<\/div>\n\t\t<\/div>\n\t<\/div>\n<\/div>\n\n<div class=\"rt-col-md-4 rt-col-sm-6 rt-col-xs-12 default rt-grid-hover-item rt-grid-item\" data-id=\"850\">\n\t<div class=\"rt-holder tpg-post-holder \">\n\t\t<div class=\"rt-detail rt-el-content-wrapper\">\n\t\t\t\t\t\t\t<div class=\"rt-img-holder tpg-el-image-wrap has-thumbnail\">\n\t\t\t\t\t<a data-id=\"850\" href=\"https:\/\/atalakulo.hu\/holnap\/civilla\/2025\/02\/24\/forgacs-monika-homoktol-az-elo-kert-fele\/\" class=\"tpg-post-link\" target=\"_self\">                        <img loading=\"lazy\" decoding=\"async\" src=\"https:\/\/atalakulo.hu\/holnap\/civilla\/wp-content\/uploads\/sites\/4\/2025\/02\/marc-honlap-1200-x-800-keppont-768x512.jpg\"\n                             class=\"rt-img-responsive\"\n                             width=\"768\"\n                             height=\"512\"\n                             alt=\"Forg\u00e1cs M\u00f3nika\">\n                        \n                            \n        <\/a>\n                <div class=\"overlay grid-hover-content\"><\/div>\n        \t\t\t\t<\/div>\n\t\t\t\n\t\t\t<div class=\"grid-hover-content\">\n\n\t\t\t\t<div class=\"entry-title-wrapper\"><h1 class=\"entry-title\"><a data-id=\"850\" href=\"https:\/\/atalakulo.hu\/holnap\/civilla\/2025\/02\/24\/forgacs-monika-homoktol-az-elo-kert-fele\/\" class=\"tpg-post-link\" target=\"_self\">Szatyor Klub Forg\u00e1cs M\u00f3nik\u00e1val<\/a><\/h1><\/div>\n\n\t\t\t\t\n\t\t\t\t\t\t\t\t\t<div class=\"tpg-excerpt tpg-el-excerpt\">\n\t\t\t\t\t\t\t\t\t\t\t\t\t<div class=\"tpg-excerpt-inner\">\n\t\t\t\t\t\t\t\tA HOMOKT\u00d3L AZ \u00c9L\u0150 KERT FEL\u00c9&#8230; 2025 m\u00e1rcius 4. 16:30-18:00 M\u00e1rciusi klub alkalmunk megh\u00edvott...\t\t\t\t\t\t\t<\/div>\n\t\t\t\t\t\t\t\t\t\t\t\t\t\t\t\t\t<\/div>\n\t\t\t\t\n\t\t\t\t        <div class=\"post-footer\">\n            <div class=\"post-footer\">\n                <div class=\"read-more\">\n                    <a data-id=\"850\" href=\"https:\/\/atalakulo.hu\/holnap\/civilla\/2025\/02\/24\/forgacs-monika-homoktol-az-elo-kert-fele\/\" class=\"tpg-post-link\" target=\"_self\">ELOLVASOM<\/a>                <\/div>\n            <\/div>\n        <\/div>\n        \t\t\t<\/div>\n\t\t<\/div>\n\t<\/div>\n<\/div>\n\n<div class=\"rt-col-md-4 rt-col-sm-6 rt-col-xs-12 default rt-grid-hover-item rt-grid-item\" data-id=\"819\">\n\t<div class=\"rt-holder tpg-post-holder \">\n\t\t<div class=\"rt-detail rt-el-content-wrapper\">\n\t\t\t\t\t\t\t<div class=\"rt-img-holder tpg-el-image-wrap has-thumbnail\">\n\t\t\t\t\t<a data-id=\"819\" href=\"https:\/\/atalakulo.hu\/holnap\/civilla\/2025\/02\/05\/xii-kecskemeti-magvas-nap-2025-marcius-1\/\" class=\"tpg-post-link\" target=\"_self\">                        <img loading=\"lazy\" decoding=\"async\" src=\"https:\/\/atalakulo.hu\/holnap\/civilla\/wp-content\/uploads\/sites\/4\/2025\/02\/Kozos-1200-x-800-keppont-768x512.jpg\"\n                             class=\"rt-img-responsive\"\n                             width=\"768\"\n                             height=\"512\"\n                             alt=\"XII. Kecskem\u00e9ti Magvas Nap\">\n                        \n                            \n        <\/a>\n                <div class=\"overlay grid-hover-content\"><\/div>\n        \t\t\t\t<\/div>\n\t\t\t\n\t\t\t<div class=\"grid-hover-content\">\n\n\t\t\t\t<div class=\"entry-title-wrapper\"><h1 class=\"entry-title\"><a data-id=\"819\" href=\"https:\/\/atalakulo.hu\/holnap\/civilla\/2025\/02\/05\/xii-kecskemeti-magvas-nap-2025-marcius-1\/\" class=\"tpg-post-link\" target=\"_self\">XII. Kecskem\u00e9ti Magvas Nap<\/a><\/h1><\/div>\n\n\t\t\t\t\n\t\t\t\t\t\t\t\t\t<div class=\"tpg-excerpt tpg-el-excerpt\">\n\t\t\t\t\t\t\t\t\t\t\t\t\t<div class=\"tpg-excerpt-inner\">\n\t\t\t\t\t\t\t\tSz\u00e1munkra is felemel\u0151 le\u00edrni, de id\u00e9n 12. alkalommal ker\u00fcl megrendez\u00e9sre Kecskem\u00e9t v\u00e1ros\u00e1ban a...\t\t\t\t\t\t\t<\/div>\n\t\t\t\t\t\t\t\t\t\t\t\t\t\t\t\t\t<\/div>\n\t\t\t\t\n\t\t\t\t        <div class=\"post-footer\">\n            <div class=\"post-footer\">\n                <div class=\"read-more\">\n                    <a data-id=\"819\" href=\"https:\/\/atalakulo.hu\/holnap\/civilla\/2025\/02\/05\/xii-kecskemeti-magvas-nap-2025-marcius-1\/\" class=\"tpg-post-link\" target=\"_self\">ELOLVASOM<\/a>                <\/div>\n            <\/div>\n        <\/div>\n        \t\t\t<\/div>\n\t\t<\/div>\n\t<\/div>\n<\/div>\n\n<div class=\"rt-col-md-4 rt-col-sm-6 rt-col-xs-12 default rt-grid-hover-item rt-grid-item\" data-id=\"549\">\n\t<div class=\"rt-holder tpg-post-holder \">\n\t\t<div class=\"rt-detail rt-el-content-wrapper\">\n\t\t\t\t\t\t\t<div class=\"rt-img-holder tpg-el-image-wrap has-thumbnail\">\n\t\t\t\t\t<a data-id=\"549\" href=\"https:\/\/atalakulo.hu\/holnap\/civilla\/2025\/02\/03\/februari-szatyor-klub-tundi-biokertjevel\/\" class=\"tpg-post-link\" target=\"_self\">                        <img loading=\"lazy\" decoding=\"async\" src=\"https:\/\/atalakulo.hu\/holnap\/civilla\/wp-content\/uploads\/sites\/4\/2025\/02\/474882497_605445388863415_1357005595053599235_n-768x402.jpg\"\n                             class=\"rt-img-responsive\"\n                             width=\"768\"\n                             height=\"402\"\n                             alt=\"Szatyor Klub T\u00fcndi Biokertj\u00e9vel\">\n                        \n                            \n        <\/a>\n                <div class=\"overlay grid-hover-content\"><\/div>\n        \t\t\t\t<\/div>\n\t\t\t\n\t\t\t<div class=\"grid-hover-content\">\n\n\t\t\t\t<div class=\"entry-title-wrapper\"><h1 class=\"entry-title\"><a data-id=\"549\" href=\"https:\/\/atalakulo.hu\/holnap\/civilla\/2025\/02\/03\/februari-szatyor-klub-tundi-biokertjevel\/\" class=\"tpg-post-link\" target=\"_self\">Szatyor Klub T\u00fcndi Biokertj\u00e9vel<\/a><\/h1><\/div>\n\n\t\t\t\t\n\t\t\t\t\t\t\t\t\t<div class=\"tpg-excerpt tpg-el-excerpt\">\n\t\t\t\t\t\t\t\t\t\t\t\t\t<div class=\"tpg-excerpt-inner\">\n\t\t\t\t\t\t\t\tGyertek \u00e9s ismerj\u00e9tek meg \u0151t, illetve tanuljatok t\u0151le, hogyan kezdjetek otthon, kicsiben...\t\t\t\t\t\t\t<\/div>\n\t\t\t\t\t\t\t\t\t\t\t\t\t\t\t\t\t<\/div>\n\t\t\t\t\n\t\t\t\t        <div class=\"post-footer\">\n            <div class=\"post-footer\">\n                <div class=\"read-more\">\n                    <a data-id=\"549\" href=\"https:\/\/atalakulo.hu\/holnap\/civilla\/2025\/02\/03\/februari-szatyor-klub-tundi-biokertjevel\/\" class=\"tpg-post-link\" target=\"_self\">ELOLVASOM<\/a>                <\/div>\n            <\/div>\n        <\/div>\n        \t\t\t<\/div>\n\t\t<\/div>\n\t<\/div>\n<\/div>\n\n<div class=\"rt-col-md-4 rt-col-sm-6 rt-col-xs-12 default rt-grid-hover-item rt-grid-item\" data-id=\"492\">\n\t<div class=\"rt-holder tpg-post-holder \">\n\t\t<div class=\"rt-detail rt-el-content-wrapper\">\n\t\t\t\t\t\t\t<div class=\"rt-img-holder tpg-el-image-wrap has-thumbnail\">\n\t\t\t\t\t<a data-id=\"492\" href=\"https:\/\/atalakulo.hu\/holnap\/civilla\/2025\/02\/02\/492\/\" class=\"tpg-post-link\" target=\"_self\">                        <img loading=\"lazy\" decoding=\"async\" src=\"https:\/\/atalakulo.hu\/holnap\/civilla\/wp-content\/uploads\/sites\/4\/2025\/02\/Screenshot-2025-02-02-at-11.42.26-768x559.png\"\n                             class=\"rt-img-responsive\"\n                             width=\"768\"\n                             height=\"559\"\n                             alt=\"Nemzeti Fa\u00fcltet\u00e9s Napja\">\n                        \n                            \n        <\/a>\n                <div class=\"overlay grid-hover-content\"><\/div>\n        \t\t\t\t<\/div>\n\t\t\t\n\t\t\t<div class=\"grid-hover-content\">\n\n\t\t\t\t<div class=\"entry-title-wrapper\"><h1 class=\"entry-title\"><a data-id=\"492\" href=\"https:\/\/atalakulo.hu\/holnap\/civilla\/2025\/02\/02\/492\/\" class=\"tpg-post-link\" target=\"_self\">Nemzeti Fa\u00fcltet\u00e9s Napja<\/a><\/h1><\/div>\n\n\t\t\t\t\n\t\t\t\t\t\t\t\t\t<div class=\"tpg-excerpt tpg-el-excerpt\">\n\t\t\t\t\t\t\t\t\t\t\t\t\t<div class=\"tpg-excerpt-inner\">\n\t\t\t\t\t\t\t\tL\u00c9GY TE IS R\u00c9SZESE, GYERE A CIVILL\u00c1BA! Ha kapcsol\u00f3dn\u00e1l az \u00fcgyh\u00f6z, v\u00e1r a Z\u00f6ld\u00edt\u0151 Civil T\u00e1rsas\u00e1g...\t\t\t\t\t\t\t<\/div>\n\t\t\t\t\t\t\t\t\t\t\t\t\t\t\t\t\t<\/div>\n\t\t\t\t\n\t\t\t\t        <div class=\"post-footer\">\n            <div class=\"post-footer\">\n                <div class=\"read-more\">\n                    <a data-id=\"492\" href=\"https:\/\/atalakulo.hu\/holnap\/civilla\/2025\/02\/02\/492\/\" class=\"tpg-post-link\" target=\"_self\">ELOLVASOM<\/a>                <\/div>\n            <\/div>\n        <\/div>\n        \t\t\t<\/div>\n\t\t<\/div>\n\t<\/div>\n<\/div>\n            <\/div>\n\n\t\t\t        <\/div>\n\t\t\t\t\t\t<\/div>\n\t\t\t\t<\/div>\n\t\t\t\t\t<\/div>\n\t\t\t\t<\/div>\n\t\t\t\t<\/div>\n\t\t","protected":false},"excerpt":{"rendered":"<p>Sz\u00e1munkra is felemel\u0151 le\u00edrni, de id\u00e9n 12. alkalommal ker\u00fcl megrendez\u00e9sre Kecskem\u00e9t v\u00e1ros\u00e1ban a Magvas Nap, melyre sok szeretettel h\u00edvunk meg Titeket! 2025. m\u00e1rcius 1. A nap programja:\u00a009:00-09.45 Nyit\u00e1s, regisztr\u00e1ci\u00f309.45-10.00 K\u00f6sz\u00f6nt\u0151 &#8211; Ol\u00e1h Edit (Kecskem\u00e9ti Szatyor Egyes\u00fclet)10.00-10.45 Magfog\u00e1si alapismeretek &#8211; R\u00e9thy Katalin (Magh\u00e1z Egyes\u00fclet)11:00-11.45 \u00d6kol\u00f3giai szemmel a kiskertemben &#8211; javasolt els\u0151 l\u00e9p\u00e9sek kezd\u0151 kert\u00e9szeknek &#8211; N\u00e9methn\u00e9 &hellip; <\/p>\n","protected":false},"author":27,"featured_media":835,"comment_status":"closed","ping_status":"open","sticky":false,"template":"","format":"standard","meta":{"_monsterinsights_skip_tracking":false,"_monsterinsights_sitenote_active":false,"_monsterinsights_sitenote_note":"","_monsterinsights_sitenote_category":0,"footnotes":""},"categories":[52,57,55,49],"tags":[62,63,64],"class_list":["post-819","post","type-post","status-publish","format-standard","has-post-thumbnail","hentry","category-esemenyek","category-kapcsolodj-be","category-vasarok","category-zold-esemenyek","tag-egeszseges-elelmiszer","tag-kecskemeti-szatyor","tag-magvas-nap","wpautop"],"aioseo_notices":[],"featured_image_src":"https:\/\/atalakulo.hu\/holnap\/civilla\/wp-content\/uploads\/sites\/4\/2025\/02\/Kozos-1200-x-800-keppont.jpg","author_info":{"display_name":"galkati","author_link":"https:\/\/atalakulo.hu\/holnap\/civilla\/author\/galkati\/"},"rttpg_featured_image_url":{"full":["https:\/\/atalakulo.hu\/holnap\/civilla\/wp-content\/uploads\/sites\/4\/2025\/02\/Kozos-1200-x-800-keppont.jpg",1200,800,false],"landscape":["https:\/\/atalakulo.hu\/holnap\/civilla\/wp-content\/uploads\/sites\/4\/2025\/02\/Kozos-1200-x-800-keppont.jpg",1200,800,false],"portraits":["https:\/\/atalakulo.hu\/holnap\/civilla\/wp-content\/uploads\/sites\/4\/2025\/02\/Kozos-1200-x-800-keppont.jpg",1200,800,false],"thumbnail":["https:\/\/atalakulo.hu\/holnap\/civilla\/wp-content\/uploads\/sites\/4\/2025\/02\/Kozos-1200-x-800-keppont-150x150.jpg",150,150,true],"medium":["https:\/\/atalakulo.hu\/holnap\/civilla\/wp-content\/uploads\/sites\/4\/2025\/02\/Kozos-1200-x-800-keppont-300x200.jpg",300,200,true],"large":["https:\/\/atalakulo.hu\/holnap\/civilla\/wp-content\/uploads\/sites\/4\/2025\/02\/Kozos-1200-x-800-keppont-1024x683.jpg",770,514,true],"post-slider-thumb-size":["https:\/\/atalakulo.hu\/holnap\/civilla\/wp-content\/uploads\/sites\/4\/2025\/02\/Kozos-1200-x-800-keppont-330x190.jpg",330,190,true],"post-category-slider-size":["https:\/\/atalakulo.hu\/holnap\/civilla\/wp-content\/uploads\/sites\/4\/2025\/02\/Kozos-1200-x-800-keppont-330x350.jpg",330,350,true],"1536x1536":["https:\/\/atalakulo.hu\/holnap\/civilla\/wp-content\/uploads\/sites\/4\/2025\/02\/Kozos-1200-x-800-keppont.jpg",1200,800,false],"2048x2048":["https:\/\/atalakulo.hu\/holnap\/civilla\/wp-content\/uploads\/sites\/4\/2025\/02\/Kozos-1200-x-800-keppont.jpg",1200,800,false],"gs-tiny":["https:\/\/atalakulo.hu\/holnap\/civilla\/wp-content\/uploads\/sites\/4\/2025\/02\/Kozos-1200-x-800-keppont-50x33.jpg",50,33,true],"xl":["https:\/\/atalakulo.hu\/holnap\/civilla\/wp-content\/uploads\/sites\/4\/2025\/02\/Kozos-1200-x-800-keppont.jpg",1200,800,false],"xxl":["https:\/\/atalakulo.hu\/holnap\/civilla\/wp-content\/uploads\/sites\/4\/2025\/02\/Kozos-1200-x-800-keppont.jpg",1200,800,false],"xxxl":["https:\/\/atalakulo.hu\/holnap\/civilla\/wp-content\/uploads\/sites\/4\/2025\/02\/Kozos-1200-x-800-keppont.jpg",1200,800,false],"xxxxl":["https:\/\/atalakulo.hu\/holnap\/civilla\/wp-content\/uploads\/sites\/4\/2025\/02\/Kozos-1200-x-800-keppont.jpg",1200,800,false],"xxxxxl":["https:\/\/atalakulo.hu\/holnap\/civilla\/wp-content\/uploads\/sites\/4\/2025\/02\/Kozos-1200-x-800-keppont.jpg",1200,800,false],"vandana-lite-slider":["https:\/\/atalakulo.hu\/holnap\/civilla\/wp-content\/uploads\/sites\/4\/2025\/02\/Kozos-1200-x-800-keppont-580x750.jpg",580,750,true],"vandana-lite-about":["https:\/\/atalakulo.hu\/holnap\/civilla\/wp-content\/uploads\/sites\/4\/2025\/02\/Kozos-1200-x-800-keppont-500x679.jpg",500,679,true],"vandana-lite-service":["https:\/\/atalakulo.hu\/holnap\/civilla\/wp-content\/uploads\/sites\/4\/2025\/02\/Kozos-1200-x-800-keppont-562x364.jpg",562,364,true],"vandana-lite-blog-sec":["https:\/\/atalakulo.hu\/holnap\/civilla\/wp-content\/uploads\/sites\/4\/2025\/02\/Kozos-1200-x-800-keppont-570x333.jpg",570,333,true],"vandana-lite-blog":["https:\/\/atalakulo.hu\/holnap\/civilla\/wp-content\/uploads\/sites\/4\/2025\/02\/Kozos-1200-x-800-keppont-770x450.jpg",770,450,true],"vandana-lite-blog-full":["https:\/\/atalakulo.hu\/holnap\/civilla\/wp-content\/uploads\/sites\/4\/2025\/02\/Kozos-1200-x-800-keppont-1170x600.jpg",1170,600,true],"vandana-lite-blog-list":["https:\/\/atalakulo.hu\/holnap\/civilla\/wp-content\/uploads\/sites\/4\/2025\/02\/Kozos-1200-x-800-keppont-280x300.jpg",280,300,true],"vandana-lite-blog-grid":["https:\/\/atalakulo.hu\/holnap\/civilla\/wp-content\/uploads\/sites\/4\/2025\/02\/Kozos-1200-x-800-keppont-370x300.jpg",370,300,true]},"rttpg_author":{"display_name":"galkati","author_link":"https:\/\/atalakulo.hu\/holnap\/civilla\/author\/galkati\/"},"rttpg_comment":0,"rttpg_category":"<a href=\"https:\/\/atalakulo.hu\/holnap\/civilla\/category\/esemenyek\/\" rel=\"category tag\">Esem\u00e9nyek<\/a> <a href=\"https:\/\/atalakulo.hu\/holnap\/civilla\/category\/kapcsolodj-be\/\" rel=\"category tag\">Kapcsol\u00f3dj be!<\/a> <a href=\"https:\/\/atalakulo.hu\/holnap\/civilla\/category\/vasarok\/\" rel=\"category tag\">V\u00e1s\u00e1rok<\/a> <a href=\"https:\/\/atalakulo.hu\/holnap\/civilla\/category\/zold-esemenyek\/\" rel=\"category tag\">Z\u00f6ld esem\u00e9nyek<\/a>","rttpg_excerpt":"Sz\u00e1munkra is felemel\u0151 le\u00edrni, de id\u00e9n 12. alkalommal ker\u00fcl megrendez\u00e9sre Kecskem\u00e9t v\u00e1ros\u00e1ban a Magvas Nap, melyre sok szeretettel h\u00edvunk meg Titeket! 2025. m\u00e1rcius 1. A nap programja:\u00a009:00-09.45 Nyit\u00e1s, regisztr\u00e1ci\u00f309.45-10.00 K\u00f6sz\u00f6nt\u0151 &#8211; Ol\u00e1h Edit (Kecskem\u00e9ti Szatyor Egyes\u00fclet)10.00-10.45 Magfog\u00e1si alapismeretek &#8211; R\u00e9thy Katalin (Magh\u00e1z Egyes\u00fclet)11:00-11.45 \u00d6kol\u00f3giai szemmel a kiskertemben &#8211; javasolt els\u0151 l\u00e9p\u00e9sek kezd\u0151 kert\u00e9szeknek &#8211; N\u00e9methn\u00e9&hellip;","_links":{"self":[{"href":"https:\/\/atalakulo.hu\/holnap\/civilla\/wp-json\/wp\/v2\/posts\/819","targetHints":{"allow":["GET"]}}],"collection":[{"href":"https:\/\/atalakulo.hu\/holnap\/civilla\/wp-json\/wp\/v2\/posts"}],"about":[{"href":"https:\/\/atalakulo.hu\/holnap\/civilla\/wp-json\/wp\/v2\/types\/post"}],"author":[{"embeddable":true,"href":"https:\/\/atalakulo.hu\/holnap\/civilla\/wp-json\/wp\/v2\/users\/27"}],"replies":[{"embeddable":true,"href":"https:\/\/atalakulo.hu\/holnap\/civilla\/wp-json\/wp\/v2\/comments?post=819"}],"version-history":[{"count":19,"href":"https:\/\/atalakulo.hu\/holnap\/civilla\/wp-json\/wp\/v2\/posts\/819\/revisions"}],"predecessor-version":[{"id":848,"href":"https:\/\/atalakulo.hu\/holnap\/civilla\/wp-json\/wp\/v2\/posts\/819\/revisions\/848"}],"wp:featuredmedia":[{"embeddable":true,"href":"https:\/\/atalakulo.hu\/holnap\/civilla\/wp-json\/wp\/v2\/media\/835"}],"wp:attachment":[{"href":"https:\/\/atalakulo.hu\/holnap\/civilla\/wp-json\/wp\/v2\/media?parent=819"}],"wp:term":[{"taxonomy":"category","embeddable":true,"href":"https:\/\/atalakulo.hu\/holnap\/civilla\/wp-json\/wp\/v2\/categories?post=819"},{"taxonomy":"post_tag","embeddable":true,"href":"https:\/\/atalakulo.hu\/holnap\/civilla\/wp-json\/wp\/v2\/tags?post=819"}],"curies":[{"name":"wp","href":"https:\/\/api.w.org\/{rel}","templated":true}]}}