{"id":881,"date":"2025-02-25T18:51:17","date_gmt":"2025-02-25T17:51:17","guid":{"rendered":"https:\/\/atalakulo.hu\/holnap\/civilla\/?p=881"},"modified":"2025-02-25T18:59:11","modified_gmt":"2025-02-25T17:59:11","slug":"vegyszermentes-konyhakertesz-workshop","status":"publish","type":"post","link":"https:\/\/atalakulo.hu\/holnap\/civilla\/2025\/02\/25\/vegyszermentes-konyhakertesz-workshop\/","title":{"rendered":"Vegyszermentes konyhakert\u00e9sz workshop"},"content":{"rendered":"\t\t<div data-elementor-type=\"wp-post\" data-elementor-id=\"881\" class=\"elementor elementor-881\" data-elementor-post-type=\"post\">\n\t\t\t\t<div class=\"elementor-element elementor-element-3812754a e-flex e-con-boxed e-con e-parent\" data-id=\"3812754a\" data-element_type=\"container\" data-e-type=\"container\">\n\t\t\t\t\t<div class=\"e-con-inner\">\n\t\t\t\t<div class=\"elementor-element elementor-element-1179ad0f elementor-widget elementor-widget-heading\" data-id=\"1179ad0f\" data-element_type=\"widget\" data-e-type=\"widget\" data-widget_type=\"heading.default\">\n\t\t\t\t<div class=\"elementor-widget-container\">\n\t\t\t\t\t<h1 class=\"elementor-heading-title elementor-size-default\">V\u00e1ltoztasd meg \u00f6r\u00f6kre a kerted, teremts Ehet\u0151 Kertet!<\/h1>\t\t\t\t<\/div>\n\t\t\t\t<\/div>\n\t\t\t\t\t<\/div>\n\t\t\t\t<\/div>\n\t\t<div class=\"elementor-element elementor-element-41815289 e-flex e-con-boxed e-con e-parent\" data-id=\"41815289\" data-element_type=\"container\" data-e-type=\"container\">\n\t\t\t\t\t<div class=\"e-con-inner\">\n\t\t\t\t<div class=\"elementor-element elementor-element-6578d751 elementor-widget elementor-widget-text-editor\" data-id=\"6578d751\" data-element_type=\"widget\" data-e-type=\"widget\" data-widget_type=\"text-editor.default\">\n\t\t\t\t<div class=\"elementor-widget-container\">\n\t\t\t\t\t\t\t\t\t<div class=\"xdj266r x11i5rnm xat24cr x1mh8g0r x1vvkbs x126k92a\"><div dir=\"auto\">Kedves kert\u00e9szek \u00e9s kert\u00e9szkedni v\u00e1gy\u00f3k!<\/div><div dir=\"auto\">\u00a0<\/div><\/div><div class=\"x11i5rnm xat24cr x1mh8g0r x1vvkbs xtlvy1s x126k92a\"><div dir=\"auto\">Aj\u00e1nljuk figyelmetekbe a m\u00e1rcius k\u00f6zep\u00e9n megszervez\u00e9sre ker\u00fcl\u0151 Vegyszermentes konyhakert\u00e9sz workshopot, melynek mi biztos\u00edtjuk a helysz\u00edn\u00e9t!<\/div><\/div><div class=\"x11i5rnm xat24cr x1mh8g0r x1vvkbs xtlvy1s x126k92a\"><div dir=\"auto\">Azok sz\u00e1m\u00e1ra aj\u00e1nljuk, akik \u00e9rdekl\u0151dnek a vegyszermentes kert\u00e9szked\u00e9s ir\u00e9nt, ami hossz\u00fa t\u00e1von fenntarthat\u00f3.<\/div><div dir=\"auto\">M\u00e1rcius 15.-16.-\u00e1n egy teljes h\u00e9tv\u00e9g\u00e9n \u00e1t tanul fogtok a gazd\u00e1lkod\u00e1sr\u00f3l, tervez\u00e9sr\u0151l, komposzt\u00e1l\u00e1sr\u00f3l, v\u00edzgazd\u00e1lkod\u00e1sr\u00f3l, megfigyel\u00e9sr\u0151l, fa\u00fcltet\u00e9sr\u0151l &#8211; mindezt term\u00e9szetk\u00f6zeli perspekt\u00edv\u00e1b\u00f3l &#8211; \u00e9s m\u00e9g sokminden egy\u00e9br\u0151l.<\/div><div dir=\"auto\">\u00a0<\/div><div dir=\"auto\">Mindk\u00e9t nap kezd\u00e9s: 10:00 \u00e9s kb. 16:00ig fog tartani.<\/div><div dir=\"auto\">\u00a0<\/div><div dir=\"auto\">B\u0151vebb t\u00e1j\u00e9koztat\u00e1st az al\u00e1bbi linken tal\u00e1lhatsz:<\/div><div dir=\"auto\"><span class=\"html-span xdj266r x11i5rnm xat24cr x1mh8g0r xexx8yu x4uap5 x18d9i69 xkhd6sd x1hl2dhg x16tdsg8 x1vvkbs\"><a class=\"x1i10hfl xjbqb8w x1ejq31n xd10rxx x1sy0etr x17r0tee x972fbf xcfux6l x1qhh985 xm0m39n x9f619 x1ypdohk xt0psk2 xe8uvvx xdj266r x11i5rnm xat24cr x1mh8g0r xexx8yu x4uap5 x18d9i69 xkhd6sd x16tdsg8 x1hl2dhg xggy1nq x1a2a7pz xkrqix3 x1sur9pj x1fey0fg x1s688f\" tabindex=\"0\" role=\"link\" href=\"http:\/\/www.azehetokert.hu\/vegyszermentes-konyhakertesz-workshop-kecskemeten?fbclid=IwZXh0bgNhZW0CMTAAAR1LoMw15lgFQK59guGA6rf45nIldumPhzFkRgTO8mfZS0dhz7Vt0zhmaO4_aem_MhMwL_S7W-PBMRgScINfLg\" target=\"_blank\" rel=\"nofollow noopener noreferrer\">http:\/\/www.azehetokert.hu\/vegyszermentes-konyhakertesz&#8230;<\/a><\/span><\/div><div dir=\"auto\">\u00a0<\/div><div dir=\"auto\">A helyek sz\u00e1ma &#8211; a helysz\u00edn kapacit\u00e1s\u00e1b\u00f3l fakad\u00f3an &#8211; v\u00e9ges!<\/div><div dir=\"auto\">\u00a0<\/div><\/div><div class=\"x11i5rnm xat24cr x1mh8g0r x1vvkbs xtlvy1s x126k92a\"><div dir=\"auto\">Gyere el egy bar\u00e1toddal, \u00e9s egy\u00fctt tudtok fejl\u0151dni kertjeitekbe!<\/div><div dir=\"auto\">\u00a0<\/div><div dir=\"auto\">Helysz\u00edn: CiVilla (Kecskem\u00e9t, K\u00e1polna u. 22)<\/div><div dir=\"auto\">\u00a0<\/div><div dir=\"auto\">Te\u00e1r\u00f3l \u00e9s k\u00e1v\u00e9r\u00f3l gondoskodunk (hozhatod a kedvenc b\u00f6gr\u00e9d), eb\u00e9d az batyus lesz!<\/div><div dir=\"auto\">B\u00e1rmilyen k\u00e9rd\u00e9sed felmer\u00fclne, keresd bizalommal az oktat\u00f3t:<\/div><div dir=\"auto\">\u00a0<\/div><div dir=\"auto\"><strong>Ill\u00e9s Oliv\u00e9r<\/strong><\/div><div dir=\"auto\">permakult\u00far\u00e1s tervez\u0151<\/div><div dir=\"auto\">ehetokert.terevez\u00e9s@gmail.com<\/div><div dir=\"auto\">06703041687<\/div><div dir=\"auto\">\u00a0<\/div><div dir=\"auto\">V\u00e1runk szeretettel!<\/div><\/div>\t\t\t\t\t\t\t\t<\/div>\n\t\t\t\t<\/div>\n\t\t\t\t\t<\/div>\n\t\t\t\t<\/div>\n\t\t<div class=\"elementor-element elementor-element-40ec8141 e-flex e-con-boxed e-con e-parent\" data-id=\"40ec8141\" data-element_type=\"container\" data-e-type=\"container\">\n\t\t\t\t\t<div class=\"e-con-inner\">\n\t\t\t\t<div class=\"elementor-element elementor-element-5f8f5d6e animated-slow elementor-invisible elementor-widget elementor-widget-wp-widget-bttk_advertisement_widget\" data-id=\"5f8f5d6e\" data-element_type=\"widget\" data-e-type=\"widget\" data-settings=\"{&quot;_animation&quot;:&quot;fadeIn&quot;}\" data-widget_type=\"wp-widget-bttk_advertisement_widget.default\">\n\t\t\t\t<div class=\"elementor-widget-container\">\n\t\t\t\t\t        \n            <div class=\"bttk-add-holder\">\n                <div class=\"bttk-add-inner-holder\">\n                    <div class=\"text-holder\">\n\t                                                  \n                    <\/div>\n                                            <div class=\"icon-holder\">\n                            <a href=\"https:\/\/azehetokert.hu\/vegyszermentes-konyhakertesz-workshop-kecskemeten?fbclid=IwZXh0bgNhZW0CMTEAAR0jVWtm8E7WLCZAvrluwEfQdmcMCZdZ_fZY0cSyJtTjI84wBTjQJQsW3Ic_aem_HNXIWAaoXdGw84imPntHfg\" rel=\"noopener noexternal\" target=\"_blank\">                            <img decoding=\"async\" width=\"188\" height=\"128\" src=\"https:\/\/atalakulo.hu\/holnap\/civilla\/wp-content\/uploads\/sites\/4\/2025\/02\/Screenshot-2025-02-25-at-18.57.12.png\" class=\"attachment-full size-full\" alt=\"\" srcset=\"https:\/\/atalakulo.hu\/holnap\/civilla\/wp-content\/uploads\/sites\/4\/2025\/02\/Screenshot-2025-02-25-at-18.57.12.png 188w, https:\/\/atalakulo.hu\/holnap\/civilla\/wp-content\/uploads\/sites\/4\/2025\/02\/Screenshot-2025-02-25-at-18.57.12-50x34.png 50w\" sizes=\"(max-width: 188px) 100vw, 188px\" \/><\/a>\n                        <\/div>\n                                    \n        \n                <\/div>\n\t\t\t<\/div>\n        \t\t\t\t<\/div>\n\t\t\t\t<\/div>\n\t\t\t\t\t<\/div>\n\t\t\t\t<\/div>\n\t\t<div class=\"elementor-element elementor-element-1b4730a6 e-flex e-con-boxed e-con e-parent\" data-id=\"1b4730a6\" data-element_type=\"container\" data-e-type=\"container\">\n\t\t\t\t\t<div class=\"e-con-inner\">\n\t\t\t\t<div class=\"elementor-element elementor-element-c4f272a title_hover_border_disable title-one-line section-title-align-center title-alignment-center section-title-style-style1 title_position_default img_hover_animation_default readmore-btn-default-style grid-hover-overlay-type-always grid-hover-overlay-height-default hover-overlay-height-default tpg-border-bottom-disable elementor-widget elementor-widget-tpg-grid-hover-layout\" data-id=\"c4f272a\" data-element_type=\"widget\" data-e-type=\"widget\" data-widget_type=\"tpg-grid-hover-layout.default\">\n\t\t\t\t<div class=\"elementor-widget-container\">\n\t\t\t\t\t\n        <div class=\"rt-container-fluid rt-tpg-container tpg-el-main-wrapper grid_hover-layout2-main \"\n             id=\"rt-tpg-container-3277815649\"\n             data-layout=\"grid_hover-layout2\"\n             data-sc-id=\"elementor\"\n             data-el-settings=''\n             data-el-query=''\n             data-el-path=''\n        >\n\t\t\t            <div class='tpg-header-wrapper '>\n\t\t\t\t\n        <div class=\"tpg-widget-heading-wrapper rt-clear heading-style1 \">\n            <span class=\"tpg-widget-heading-line line-left\"><\/span>\n            <h1 class='tpg-widget-heading'>\n            \n                                    <span>\n\t\t\t\t\t\tTov\u00e1bbi esem\u00e9nyeink\t\t\t\t\t<\/span>\n                    \n                            <\/h1>            <span class=\"tpg-widget-heading-line line-right\"><\/span>\n\n            \n        <\/div>\n\n        \n                    <\/div>\n\n            <div data-title=\"Loading ...\"\n                 class=\"rt-row rt-content-loader grid_hover-layout2 tpg-even grid-behaviour grid_hover_layout_wrapper\">\n\t\t\t\t\n<div class=\"rt-col-md-4 rt-col-sm-6 rt-col-xs-12 default rt-grid-hover-item rt-grid-item\" data-id=\"1023\">\n\t<div class=\"rt-holder tpg-post-holder \">\n\t\t<div class=\"rt-detail rt-el-content-wrapper\">\n\t\t\t\t\t\t\t<div class=\"rt-img-holder tpg-el-image-wrap has-thumbnail\">\n\t\t\t\t\t<a data-id=\"1023\" href=\"https:\/\/atalakulo.hu\/holnap\/civilla\/2025\/06\/04\/szaytor-klub-megelhetes-a-homokon\/\" class=\"tpg-post-link\" target=\"_self\">                        <img fetchpriority=\"high\" decoding=\"async\" src=\"https:\/\/atalakulo.hu\/holnap\/civilla\/wp-content\/uploads\/sites\/4\/2025\/06\/500244209_693688793372407_8567437461695684530_n-768x402.jpg\"\n                             class=\"rt-img-responsive\"\n                             width=\"768\"\n                             height=\"402\"\n                             alt=\"Szaytor Klub-Meg\u00e9lhet\u00e9s a homokon\">\n                        \n                            \n        <\/a>\n                <div class=\"overlay grid-hover-content\"><\/div>\n        \t\t\t\t<\/div>\n\t\t\t\n\t\t\t<div class=\"grid-hover-content\">\n\n\t\t\t\t<div class=\"entry-title-wrapper\"><h1 class=\"entry-title\"><a data-id=\"1023\" href=\"https:\/\/atalakulo.hu\/holnap\/civilla\/2025\/06\/04\/szaytor-klub-megelhetes-a-homokon\/\" class=\"tpg-post-link\" target=\"_self\">Szaytor Klub-Meg\u00e9lhet\u00e9s a homokon<\/a><\/h1><\/div>\n\n\t\t\t\t\n\t\t\t\t\t\t\t\t\t<div class=\"tpg-excerpt tpg-el-excerpt\">\n\t\t\t\t\t\t\t\t\t\t\t\t\t<div class=\"tpg-excerpt-inner\">\n\t\t\t\t\t\t\t\tOlga akt\u00edv nyugd\u00edjask\u00e9nt a term\u00e9szetv\u00e9delemnek, a t\u00e1j-ember kapcsolat\u00e1nak, valamint a nemzetk\u00f6zi...\t\t\t\t\t\t\t<\/div>\n\t\t\t\t\t\t\t\t\t\t\t\t\t\t\t\t\t<\/div>\n\t\t\t\t\n\t\t\t\t        <div class=\"post-footer\">\n            <div class=\"post-footer\">\n                <div class=\"read-more\">\n                    <a data-id=\"1023\" href=\"https:\/\/atalakulo.hu\/holnap\/civilla\/2025\/06\/04\/szaytor-klub-megelhetes-a-homokon\/\" class=\"tpg-post-link\" target=\"_self\">ELOLVASOM<\/a>                <\/div>\n            <\/div>\n        <\/div>\n        \t\t\t<\/div>\n\t\t<\/div>\n\t<\/div>\n<\/div>\n\n<div class=\"rt-col-md-4 rt-col-sm-6 rt-col-xs-12 default rt-grid-hover-item rt-grid-item\" data-id=\"994\">\n\t<div class=\"rt-holder tpg-post-holder \">\n\t\t<div class=\"rt-detail rt-el-content-wrapper\">\n\t\t\t\t\t\t\t<div class=\"rt-img-holder tpg-el-image-wrap has-thumbnail\">\n\t\t\t\t\t<a data-id=\"994\" href=\"https:\/\/atalakulo.hu\/holnap\/civilla\/2025\/03\/25\/szatyor-klub-ungvarine-s-eszterrel\/\" class=\"tpg-post-link\" target=\"_self\">                        <img decoding=\"async\" src=\"https:\/\/atalakulo.hu\/holnap\/civilla\/wp-content\/uploads\/sites\/4\/2025\/03\/Ungvarine-Sz.-Eszter-1920-x-1005-keppont-1200-x-800-keppont-1-768x512.png\"\n                             class=\"rt-img-responsive\"\n                             width=\"768\"\n                             height=\"512\"\n                             alt=\"Szatyor klub Ungv\u00e1rin\u00e9 S. Eszterrel\">\n                        \n                            \n        <\/a>\n                <div class=\"overlay grid-hover-content\"><\/div>\n        \t\t\t\t<\/div>\n\t\t\t\n\t\t\t<div class=\"grid-hover-content\">\n\n\t\t\t\t<div class=\"entry-title-wrapper\"><h1 class=\"entry-title\"><a data-id=\"994\" href=\"https:\/\/atalakulo.hu\/holnap\/civilla\/2025\/03\/25\/szatyor-klub-ungvarine-s-eszterrel\/\" class=\"tpg-post-link\" target=\"_self\">Szatyor klub Ungv\u00e1rin\u00e9 S. Eszterrel<\/a><\/h1><\/div>\n\n\t\t\t\t\n\t\t\t\t\t\t\t\t\t<div class=\"tpg-excerpt tpg-el-excerpt\">\n\t\t\t\t\t\t\t\t\t\t\t\t\t<div class=\"tpg-excerpt-inner\">\n\t\t\t\t\t\t\t\t2025. 04. 01. kedd, 16:30- 18:00 Eszter k\u00f6rnyezetgazd\u00e1lkod\u00e1si agr\u00e1rm\u00e9rn\u00f6k, biol\u00f3giai...\t\t\t\t\t\t\t<\/div>\n\t\t\t\t\t\t\t\t\t\t\t\t\t\t\t\t\t<\/div>\n\t\t\t\t\n\t\t\t\t        <div class=\"post-footer\">\n            <div class=\"post-footer\">\n                <div class=\"read-more\">\n                    <a data-id=\"994\" href=\"https:\/\/atalakulo.hu\/holnap\/civilla\/2025\/03\/25\/szatyor-klub-ungvarine-s-eszterrel\/\" class=\"tpg-post-link\" target=\"_self\">ELOLVASOM<\/a>                <\/div>\n            <\/div>\n        <\/div>\n        \t\t\t<\/div>\n\t\t<\/div>\n\t<\/div>\n<\/div>\n\n<div class=\"rt-col-md-4 rt-col-sm-6 rt-col-xs-12 default rt-grid-hover-item rt-grid-item\" data-id=\"974\">\n\t<div class=\"rt-holder tpg-post-holder \">\n\t\t<div class=\"rt-detail rt-el-content-wrapper\">\n\t\t\t\t\t\t\t<div class=\"rt-img-holder tpg-el-image-wrap has-thumbnail\">\n\t\t\t\t\t<a data-id=\"974\" href=\"https:\/\/atalakulo.hu\/holnap\/civilla\/2025\/03\/10\/iii-agrookologiai-napok\/\" class=\"tpg-post-link\" target=\"_self\">                        <img loading=\"lazy\" decoding=\"async\" src=\"https:\/\/atalakulo.hu\/holnap\/civilla\/wp-content\/uploads\/sites\/4\/2025\/03\/480814318_1044803934358910_9010016660359474014_n-768x284.jpg\"\n                             class=\"rt-img-responsive\"\n                             width=\"768\"\n                             height=\"284\"\n                             alt=\"III. Agro\u00f6kol\u00f3giai Napok\">\n                        \n                            \n        <\/a>\n                <div class=\"overlay grid-hover-content\"><\/div>\n        \t\t\t\t<\/div>\n\t\t\t\n\t\t\t<div class=\"grid-hover-content\">\n\n\t\t\t\t<div class=\"entry-title-wrapper\"><h1 class=\"entry-title\"><a data-id=\"974\" href=\"https:\/\/atalakulo.hu\/holnap\/civilla\/2025\/03\/10\/iii-agrookologiai-napok\/\" class=\"tpg-post-link\" target=\"_self\">III. Agro\u00f6kol\u00f3giai Napok<\/a><\/h1><\/div>\n\n\t\t\t\t\n\t\t\t\t\t\t\t\t\t<div class=\"tpg-excerpt tpg-el-excerpt\">\n\t\t\t\t\t\t\t\t\t\t\t\t\t<div class=\"tpg-excerpt-inner\">\n\t\t\t\t\t\t\t\tSzeretn\u00e9nk megh\u00edvni soron k\u00f6vetkez\u0151 rendezv\u00e9ny\u00fcnkre, ahol tagjaink bemutatj\u00e1k tev\u00e9kenys\u00e9geiket...\t\t\t\t\t\t\t<\/div>\n\t\t\t\t\t\t\t\t\t\t\t\t\t\t\t\t\t<\/div>\n\t\t\t\t\n\t\t\t\t        <div class=\"post-footer\">\n            <div class=\"post-footer\">\n                <div class=\"read-more\">\n                    <a data-id=\"974\" href=\"https:\/\/atalakulo.hu\/holnap\/civilla\/2025\/03\/10\/iii-agrookologiai-napok\/\" class=\"tpg-post-link\" target=\"_self\">ELOLVASOM<\/a>                <\/div>\n            <\/div>\n        <\/div>\n        \t\t\t<\/div>\n\t\t<\/div>\n\t<\/div>\n<\/div>\n\n<div class=\"rt-col-md-4 rt-col-sm-6 rt-col-xs-12 default rt-grid-hover-item rt-grid-item\" data-id=\"881\">\n\t<div class=\"rt-holder tpg-post-holder \">\n\t\t<div class=\"rt-detail rt-el-content-wrapper\">\n\t\t\t\t\t\t\t<div class=\"rt-img-holder tpg-el-image-wrap has-thumbnail\">\n\t\t\t\t\t<a data-id=\"881\" href=\"https:\/\/atalakulo.hu\/holnap\/civilla\/2025\/02\/25\/vegyszermentes-konyhakertesz-workshop\/\" class=\"tpg-post-link\" target=\"_self\">                        <img loading=\"lazy\" decoding=\"async\" src=\"https:\/\/atalakulo.hu\/holnap\/civilla\/wp-content\/uploads\/sites\/4\/2025\/02\/konyhakertesz-ws-768x512.jpg\"\n                             class=\"rt-img-responsive\"\n                             width=\"768\"\n                             height=\"512\"\n                             alt=\"Vegyszermentes konyhakert\u00e9sz workshop\">\n                        \n                            \n        <\/a>\n                <div class=\"overlay grid-hover-content\"><\/div>\n        \t\t\t\t<\/div>\n\t\t\t\n\t\t\t<div class=\"grid-hover-content\">\n\n\t\t\t\t<div class=\"entry-title-wrapper\"><h1 class=\"entry-title\"><a data-id=\"881\" href=\"https:\/\/atalakulo.hu\/holnap\/civilla\/2025\/02\/25\/vegyszermentes-konyhakertesz-workshop\/\" class=\"tpg-post-link\" target=\"_self\">Vegyszermentes konyhakert\u00e9sz workshop<\/a><\/h1><\/div>\n\n\t\t\t\t\n\t\t\t\t\t\t\t\t\t<div class=\"tpg-excerpt tpg-el-excerpt\">\n\t\t\t\t\t\t\t\t\t\t\t\t\t<div class=\"tpg-excerpt-inner\">\n\t\t\t\t\t\t\t\tV\u00e1ltoztasd meg \u00f6r\u00f6kre a kerted, teremts Ehet\u0151 Kertet! Kedves kert\u00e9szek \u00e9s kert\u00e9szkedni...\t\t\t\t\t\t\t<\/div>\n\t\t\t\t\t\t\t\t\t\t\t\t\t\t\t\t\t<\/div>\n\t\t\t\t\n\t\t\t\t        <div class=\"post-footer\">\n            <div class=\"post-footer\">\n                <div class=\"read-more\">\n                    <a data-id=\"881\" href=\"https:\/\/atalakulo.hu\/holnap\/civilla\/2025\/02\/25\/vegyszermentes-konyhakertesz-workshop\/\" class=\"tpg-post-link\" target=\"_self\">ELOLVASOM<\/a>                <\/div>\n            <\/div>\n        <\/div>\n        \t\t\t<\/div>\n\t\t<\/div>\n\t<\/div>\n<\/div>\n\n<div class=\"rt-col-md-4 rt-col-sm-6 rt-col-xs-12 default rt-grid-hover-item rt-grid-item\" data-id=\"850\">\n\t<div class=\"rt-holder tpg-post-holder \">\n\t\t<div class=\"rt-detail rt-el-content-wrapper\">\n\t\t\t\t\t\t\t<div class=\"rt-img-holder tpg-el-image-wrap has-thumbnail\">\n\t\t\t\t\t<a data-id=\"850\" href=\"https:\/\/atalakulo.hu\/holnap\/civilla\/2025\/02\/24\/forgacs-monika-homoktol-az-elo-kert-fele\/\" class=\"tpg-post-link\" target=\"_self\">                        <img loading=\"lazy\" decoding=\"async\" src=\"https:\/\/atalakulo.hu\/holnap\/civilla\/wp-content\/uploads\/sites\/4\/2025\/02\/marc-honlap-1200-x-800-keppont-768x512.jpg\"\n                             class=\"rt-img-responsive\"\n                             width=\"768\"\n                             height=\"512\"\n                             alt=\"Forg\u00e1cs M\u00f3nika\">\n                        \n                            \n        <\/a>\n                <div class=\"overlay grid-hover-content\"><\/div>\n        \t\t\t\t<\/div>\n\t\t\t\n\t\t\t<div class=\"grid-hover-content\">\n\n\t\t\t\t<div class=\"entry-title-wrapper\"><h1 class=\"entry-title\"><a data-id=\"850\" href=\"https:\/\/atalakulo.hu\/holnap\/civilla\/2025\/02\/24\/forgacs-monika-homoktol-az-elo-kert-fele\/\" class=\"tpg-post-link\" target=\"_self\">Szatyor Klub Forg\u00e1cs M\u00f3nik\u00e1val<\/a><\/h1><\/div>\n\n\t\t\t\t\n\t\t\t\t\t\t\t\t\t<div class=\"tpg-excerpt tpg-el-excerpt\">\n\t\t\t\t\t\t\t\t\t\t\t\t\t<div class=\"tpg-excerpt-inner\">\n\t\t\t\t\t\t\t\tA HOMOKT\u00d3L AZ \u00c9L\u0150 KERT FEL\u00c9&#8230; 2025 m\u00e1rcius 4. 16:30-18:00 M\u00e1rciusi klub alkalmunk megh\u00edvott...\t\t\t\t\t\t\t<\/div>\n\t\t\t\t\t\t\t\t\t\t\t\t\t\t\t\t\t<\/div>\n\t\t\t\t\n\t\t\t\t        <div class=\"post-footer\">\n            <div class=\"post-footer\">\n                <div class=\"read-more\">\n                    <a data-id=\"850\" href=\"https:\/\/atalakulo.hu\/holnap\/civilla\/2025\/02\/24\/forgacs-monika-homoktol-az-elo-kert-fele\/\" class=\"tpg-post-link\" target=\"_self\">ELOLVASOM<\/a>                <\/div>\n            <\/div>\n        <\/div>\n        \t\t\t<\/div>\n\t\t<\/div>\n\t<\/div>\n<\/div>\n\n<div class=\"rt-col-md-4 rt-col-sm-6 rt-col-xs-12 default rt-grid-hover-item rt-grid-item\" data-id=\"819\">\n\t<div class=\"rt-holder tpg-post-holder \">\n\t\t<div class=\"rt-detail rt-el-content-wrapper\">\n\t\t\t\t\t\t\t<div class=\"rt-img-holder tpg-el-image-wrap has-thumbnail\">\n\t\t\t\t\t<a data-id=\"819\" href=\"https:\/\/atalakulo.hu\/holnap\/civilla\/2025\/02\/05\/xii-kecskemeti-magvas-nap-2025-marcius-1\/\" class=\"tpg-post-link\" target=\"_self\">                        <img loading=\"lazy\" decoding=\"async\" src=\"https:\/\/atalakulo.hu\/holnap\/civilla\/wp-content\/uploads\/sites\/4\/2025\/02\/Kozos-1200-x-800-keppont-768x512.jpg\"\n                             class=\"rt-img-responsive\"\n                             width=\"768\"\n                             height=\"512\"\n                             alt=\"XII. Kecskem\u00e9ti Magvas Nap\">\n                        \n                            \n        <\/a>\n                <div class=\"overlay grid-hover-content\"><\/div>\n        \t\t\t\t<\/div>\n\t\t\t\n\t\t\t<div class=\"grid-hover-content\">\n\n\t\t\t\t<div class=\"entry-title-wrapper\"><h1 class=\"entry-title\"><a data-id=\"819\" href=\"https:\/\/atalakulo.hu\/holnap\/civilla\/2025\/02\/05\/xii-kecskemeti-magvas-nap-2025-marcius-1\/\" class=\"tpg-post-link\" target=\"_self\">XII. Kecskem\u00e9ti Magvas Nap<\/a><\/h1><\/div>\n\n\t\t\t\t\n\t\t\t\t\t\t\t\t\t<div class=\"tpg-excerpt tpg-el-excerpt\">\n\t\t\t\t\t\t\t\t\t\t\t\t\t<div class=\"tpg-excerpt-inner\">\n\t\t\t\t\t\t\t\tSz\u00e1munkra is felemel\u0151 le\u00edrni, de id\u00e9n 12. alkalommal ker\u00fcl megrendez\u00e9sre Kecskem\u00e9t v\u00e1ros\u00e1ban a...\t\t\t\t\t\t\t<\/div>\n\t\t\t\t\t\t\t\t\t\t\t\t\t\t\t\t\t<\/div>\n\t\t\t\t\n\t\t\t\t        <div class=\"post-footer\">\n            <div class=\"post-footer\">\n                <div class=\"read-more\">\n                    <a data-id=\"819\" href=\"https:\/\/atalakulo.hu\/holnap\/civilla\/2025\/02\/05\/xii-kecskemeti-magvas-nap-2025-marcius-1\/\" class=\"tpg-post-link\" target=\"_self\">ELOLVASOM<\/a>                <\/div>\n            <\/div>\n        <\/div>\n        \t\t\t<\/div>\n\t\t<\/div>\n\t<\/div>\n<\/div>\n\n<div class=\"rt-col-md-4 rt-col-sm-6 rt-col-xs-12 default rt-grid-hover-item rt-grid-item\" data-id=\"549\">\n\t<div class=\"rt-holder tpg-post-holder \">\n\t\t<div class=\"rt-detail rt-el-content-wrapper\">\n\t\t\t\t\t\t\t<div class=\"rt-img-holder tpg-el-image-wrap has-thumbnail\">\n\t\t\t\t\t<a data-id=\"549\" href=\"https:\/\/atalakulo.hu\/holnap\/civilla\/2025\/02\/03\/februari-szatyor-klub-tundi-biokertjevel\/\" class=\"tpg-post-link\" target=\"_self\">                        <img loading=\"lazy\" decoding=\"async\" src=\"https:\/\/atalakulo.hu\/holnap\/civilla\/wp-content\/uploads\/sites\/4\/2025\/02\/474882497_605445388863415_1357005595053599235_n-768x402.jpg\"\n                             class=\"rt-img-responsive\"\n                             width=\"768\"\n                             height=\"402\"\n                             alt=\"Szatyor Klub T\u00fcndi Biokertj\u00e9vel\">\n                        \n                            \n        <\/a>\n                <div class=\"overlay grid-hover-content\"><\/div>\n        \t\t\t\t<\/div>\n\t\t\t\n\t\t\t<div class=\"grid-hover-content\">\n\n\t\t\t\t<div class=\"entry-title-wrapper\"><h1 class=\"entry-title\"><a data-id=\"549\" href=\"https:\/\/atalakulo.hu\/holnap\/civilla\/2025\/02\/03\/februari-szatyor-klub-tundi-biokertjevel\/\" class=\"tpg-post-link\" target=\"_self\">Szatyor Klub T\u00fcndi Biokertj\u00e9vel<\/a><\/h1><\/div>\n\n\t\t\t\t\n\t\t\t\t\t\t\t\t\t<div class=\"tpg-excerpt tpg-el-excerpt\">\n\t\t\t\t\t\t\t\t\t\t\t\t\t<div class=\"tpg-excerpt-inner\">\n\t\t\t\t\t\t\t\tGyertek \u00e9s ismerj\u00e9tek meg \u0151t, illetve tanuljatok t\u0151le, hogyan kezdjetek otthon, kicsiben...\t\t\t\t\t\t\t<\/div>\n\t\t\t\t\t\t\t\t\t\t\t\t\t\t\t\t\t<\/div>\n\t\t\t\t\n\t\t\t\t        <div class=\"post-footer\">\n            <div class=\"post-footer\">\n                <div class=\"read-more\">\n                    <a data-id=\"549\" href=\"https:\/\/atalakulo.hu\/holnap\/civilla\/2025\/02\/03\/februari-szatyor-klub-tundi-biokertjevel\/\" class=\"tpg-post-link\" target=\"_self\">ELOLVASOM<\/a>                <\/div>\n            <\/div>\n        <\/div>\n        \t\t\t<\/div>\n\t\t<\/div>\n\t<\/div>\n<\/div>\n\n<div class=\"rt-col-md-4 rt-col-sm-6 rt-col-xs-12 default rt-grid-hover-item rt-grid-item\" data-id=\"492\">\n\t<div class=\"rt-holder tpg-post-holder \">\n\t\t<div class=\"rt-detail rt-el-content-wrapper\">\n\t\t\t\t\t\t\t<div class=\"rt-img-holder tpg-el-image-wrap has-thumbnail\">\n\t\t\t\t\t<a data-id=\"492\" href=\"https:\/\/atalakulo.hu\/holnap\/civilla\/2025\/02\/02\/492\/\" class=\"tpg-post-link\" target=\"_self\">                        <img loading=\"lazy\" decoding=\"async\" src=\"https:\/\/atalakulo.hu\/holnap\/civilla\/wp-content\/uploads\/sites\/4\/2025\/02\/Screenshot-2025-02-02-at-11.42.26-768x559.png\"\n                             class=\"rt-img-responsive\"\n                             width=\"768\"\n                             height=\"559\"\n                             alt=\"Nemzeti Fa\u00fcltet\u00e9s Napja\">\n                        \n                            \n        <\/a>\n                <div class=\"overlay grid-hover-content\"><\/div>\n        \t\t\t\t<\/div>\n\t\t\t\n\t\t\t<div class=\"grid-hover-content\">\n\n\t\t\t\t<div class=\"entry-title-wrapper\"><h1 class=\"entry-title\"><a data-id=\"492\" href=\"https:\/\/atalakulo.hu\/holnap\/civilla\/2025\/02\/02\/492\/\" class=\"tpg-post-link\" target=\"_self\">Nemzeti Fa\u00fcltet\u00e9s Napja<\/a><\/h1><\/div>\n\n\t\t\t\t\n\t\t\t\t\t\t\t\t\t<div class=\"tpg-excerpt tpg-el-excerpt\">\n\t\t\t\t\t\t\t\t\t\t\t\t\t<div class=\"tpg-excerpt-inner\">\n\t\t\t\t\t\t\t\tL\u00c9GY TE IS R\u00c9SZESE, GYERE A CIVILL\u00c1BA! Ha kapcsol\u00f3dn\u00e1l az \u00fcgyh\u00f6z, v\u00e1r a Z\u00f6ld\u00edt\u0151 Civil T\u00e1rsas\u00e1g...\t\t\t\t\t\t\t<\/div>\n\t\t\t\t\t\t\t\t\t\t\t\t\t\t\t\t\t<\/div>\n\t\t\t\t\n\t\t\t\t        <div class=\"post-footer\">\n            <div class=\"post-footer\">\n                <div class=\"read-more\">\n                    <a data-id=\"492\" href=\"https:\/\/atalakulo.hu\/holnap\/civilla\/2025\/02\/02\/492\/\" class=\"tpg-post-link\" target=\"_self\">ELOLVASOM<\/a>                <\/div>\n            <\/div>\n        <\/div>\n        \t\t\t<\/div>\n\t\t<\/div>\n\t<\/div>\n<\/div>\n            <\/div>\n\n\t\t\t        <\/div>\n\t\t\t\t\t\t<\/div>\n\t\t\t\t<\/div>\n\t\t\t\t\t<\/div>\n\t\t\t\t<\/div>\n\t\t<div class=\"elementor-element elementor-element-54d363d9 e-flex e-con-boxed e-con e-parent\" data-id=\"54d363d9\" data-element_type=\"container\" data-e-type=\"container\">\n\t\t\t\t\t<div class=\"e-con-inner\">\n\t\t<div class=\"elementor-element elementor-element-26f61b5e e-con-full e-flex e-con e-child\" data-id=\"26f61b5e\" data-element_type=\"container\" data-e-type=\"container\">\n\t\t\t\t<\/div>\n\t\t<div class=\"elementor-element elementor-element-5392f1dc e-con-full e-flex e-con e-child\" data-id=\"5392f1dc\" data-element_type=\"container\" data-e-type=\"container\">\n\t\t\t\t<\/div>\n\t\t\t\t\t<\/div>\n\t\t\t\t<\/div>\n\t\t\t\t<\/div>\n\t\t","protected":false},"excerpt":{"rendered":"<p>V\u00e1ltoztasd meg \u00f6r\u00f6kre a kerted, teremts Ehet\u0151 Kertet! Kedves kert\u00e9szek \u00e9s kert\u00e9szkedni v\u00e1gy\u00f3k!\u00a0Aj\u00e1nljuk figyelmetekbe a m\u00e1rcius k\u00f6zep\u00e9n megszervez\u00e9sre ker\u00fcl\u0151 Vegyszermentes konyhakert\u00e9sz workshopot, melynek mi biztos\u00edtjuk a helysz\u00edn\u00e9t!Azok sz\u00e1m\u00e1ra aj\u00e1nljuk, akik \u00e9rdekl\u0151dnek a vegyszermentes kert\u00e9szked\u00e9s ir\u00e9nt, ami hossz\u00fa t\u00e1von fenntarthat\u00f3.M\u00e1rcius 15.-16.-\u00e1n egy teljes h\u00e9tv\u00e9g\u00e9n \u00e1t tanul fogtok a gazd\u00e1lkod\u00e1sr\u00f3l, tervez\u00e9sr\u0151l, komposzt\u00e1l\u00e1sr\u00f3l, v\u00edzgazd\u00e1lkod\u00e1sr\u00f3l, megfigyel\u00e9sr\u0151l, fa\u00fcltet\u00e9sr\u0151l &#8211; mindezt &hellip; <\/p>\n","protected":false},"author":27,"featured_media":883,"comment_status":"closed","ping_status":"open","sticky":false,"template":"","format":"standard","meta":{"_monsterinsights_skip_tracking":false,"_monsterinsights_sitenote_active":false,"_monsterinsights_sitenote_note":"","_monsterinsights_sitenote_category":0,"footnotes":""},"categories":[52,57,54,49],"tags":[62,59,66,67,65],"class_list":["post-881","post","type-post","status-publish","format-standard","has-post-thumbnail","hentry","category-esemenyek","category-kapcsolodj-be","category-kepzesek","category-zold-esemenyek","tag-egeszseges-elelmiszer","tag-gazdalkodas","tag-kerteszkedes","tag-vegyszermentes","tag-workshop","wpautop"],"aioseo_notices":[],"featured_image_src":"https:\/\/atalakulo.hu\/holnap\/civilla\/wp-content\/uploads\/sites\/4\/2025\/02\/konyhakertesz-ws.jpg","author_info":{"display_name":"galkati","author_link":"https:\/\/atalakulo.hu\/holnap\/civilla\/author\/galkati\/"},"rttpg_featured_image_url":{"full":["https:\/\/atalakulo.hu\/holnap\/civilla\/wp-content\/uploads\/sites\/4\/2025\/02\/konyhakertesz-ws.jpg",1200,800,false],"landscape":["https:\/\/atalakulo.hu\/holnap\/civilla\/wp-content\/uploads\/sites\/4\/2025\/02\/konyhakertesz-ws.jpg",1200,800,false],"portraits":["https:\/\/atalakulo.hu\/holnap\/civilla\/wp-content\/uploads\/sites\/4\/2025\/02\/konyhakertesz-ws.jpg",1200,800,false],"thumbnail":["https:\/\/atalakulo.hu\/holnap\/civilla\/wp-content\/uploads\/sites\/4\/2025\/02\/konyhakertesz-ws-150x150.jpg",150,150,true],"medium":["https:\/\/atalakulo.hu\/holnap\/civilla\/wp-content\/uploads\/sites\/4\/2025\/02\/konyhakertesz-ws-300x200.jpg",300,200,true],"large":["https:\/\/atalakulo.hu\/holnap\/civilla\/wp-content\/uploads\/sites\/4\/2025\/02\/konyhakertesz-ws-1024x683.jpg",770,514,true],"post-slider-thumb-size":["https:\/\/atalakulo.hu\/holnap\/civilla\/wp-content\/uploads\/sites\/4\/2025\/02\/konyhakertesz-ws-330x190.jpg",330,190,true],"post-category-slider-size":["https:\/\/atalakulo.hu\/holnap\/civilla\/wp-content\/uploads\/sites\/4\/2025\/02\/konyhakertesz-ws-330x350.jpg",330,350,true],"1536x1536":["https:\/\/atalakulo.hu\/holnap\/civilla\/wp-content\/uploads\/sites\/4\/2025\/02\/konyhakertesz-ws.jpg",1200,800,false],"2048x2048":["https:\/\/atalakulo.hu\/holnap\/civilla\/wp-content\/uploads\/sites\/4\/2025\/02\/konyhakertesz-ws.jpg",1200,800,false],"gs-tiny":["https:\/\/atalakulo.hu\/holnap\/civilla\/wp-content\/uploads\/sites\/4\/2025\/02\/konyhakertesz-ws-50x33.jpg",50,33,true],"xl":["https:\/\/atalakulo.hu\/holnap\/civilla\/wp-content\/uploads\/sites\/4\/2025\/02\/konyhakertesz-ws.jpg",1200,800,false],"xxl":["https:\/\/atalakulo.hu\/holnap\/civilla\/wp-content\/uploads\/sites\/4\/2025\/02\/konyhakertesz-ws.jpg",1200,800,false],"xxxl":["https:\/\/atalakulo.hu\/holnap\/civilla\/wp-content\/uploads\/sites\/4\/2025\/02\/konyhakertesz-ws.jpg",1200,800,false],"xxxxl":["https:\/\/atalakulo.hu\/holnap\/civilla\/wp-content\/uploads\/sites\/4\/2025\/02\/konyhakertesz-ws.jpg",1200,800,false],"xxxxxl":["https:\/\/atalakulo.hu\/holnap\/civilla\/wp-content\/uploads\/sites\/4\/2025\/02\/konyhakertesz-ws.jpg",1200,800,false],"vandana-lite-slider":["https:\/\/atalakulo.hu\/holnap\/civilla\/wp-content\/uploads\/sites\/4\/2025\/02\/konyhakertesz-ws-580x750.jpg",580,750,true],"vandana-lite-about":["https:\/\/atalakulo.hu\/holnap\/civilla\/wp-content\/uploads\/sites\/4\/2025\/02\/konyhakertesz-ws-500x679.jpg",500,679,true],"vandana-lite-service":["https:\/\/atalakulo.hu\/holnap\/civilla\/wp-content\/uploads\/sites\/4\/2025\/02\/konyhakertesz-ws-562x364.jpg",562,364,true],"vandana-lite-blog-sec":["https:\/\/atalakulo.hu\/holnap\/civilla\/wp-content\/uploads\/sites\/4\/2025\/02\/konyhakertesz-ws-570x333.jpg",570,333,true],"vandana-lite-blog":["https:\/\/atalakulo.hu\/holnap\/civilla\/wp-content\/uploads\/sites\/4\/2025\/02\/konyhakertesz-ws-770x450.jpg",770,450,true],"vandana-lite-blog-full":["https:\/\/atalakulo.hu\/holnap\/civilla\/wp-content\/uploads\/sites\/4\/2025\/02\/konyhakertesz-ws-1170x600.jpg",1170,600,true],"vandana-lite-blog-list":["https:\/\/atalakulo.hu\/holnap\/civilla\/wp-content\/uploads\/sites\/4\/2025\/02\/konyhakertesz-ws-280x300.jpg",280,300,true],"vandana-lite-blog-grid":["https:\/\/atalakulo.hu\/holnap\/civilla\/wp-content\/uploads\/sites\/4\/2025\/02\/konyhakertesz-ws-370x300.jpg",370,300,true]},"rttpg_author":{"display_name":"galkati","author_link":"https:\/\/atalakulo.hu\/holnap\/civilla\/author\/galkati\/"},"rttpg_comment":0,"rttpg_category":"<a href=\"https:\/\/atalakulo.hu\/holnap\/civilla\/category\/esemenyek\/\" rel=\"category tag\">Esem\u00e9nyek<\/a> <a href=\"https:\/\/atalakulo.hu\/holnap\/civilla\/category\/kapcsolodj-be\/\" rel=\"category tag\">Kapcsol\u00f3dj be!<\/a> <a href=\"https:\/\/atalakulo.hu\/holnap\/civilla\/category\/kepzesek\/\" rel=\"category tag\">K\u00e9pz\u00e9sek, konferenci\u00e1k<\/a> <a href=\"https:\/\/atalakulo.hu\/holnap\/civilla\/category\/zold-esemenyek\/\" rel=\"category tag\">Z\u00f6ld esem\u00e9nyek<\/a>","rttpg_excerpt":"V\u00e1ltoztasd meg \u00f6r\u00f6kre a kerted, teremts Ehet\u0151 Kertet! Kedves kert\u00e9szek \u00e9s kert\u00e9szkedni v\u00e1gy\u00f3k!\u00a0Aj\u00e1nljuk figyelmetekbe a m\u00e1rcius k\u00f6zep\u00e9n megszervez\u00e9sre ker\u00fcl\u0151 Vegyszermentes konyhakert\u00e9sz workshopot, melynek mi biztos\u00edtjuk a helysz\u00edn\u00e9t!Azok sz\u00e1m\u00e1ra aj\u00e1nljuk, akik \u00e9rdekl\u0151dnek a vegyszermentes kert\u00e9szked\u00e9s ir\u00e9nt, ami hossz\u00fa t\u00e1von fenntarthat\u00f3.M\u00e1rcius 15.-16.-\u00e1n egy teljes h\u00e9tv\u00e9g\u00e9n \u00e1t tanul fogtok a gazd\u00e1lkod\u00e1sr\u00f3l, tervez\u00e9sr\u0151l, komposzt\u00e1l\u00e1sr\u00f3l, v\u00edzgazd\u00e1lkod\u00e1sr\u00f3l, megfigyel\u00e9sr\u0151l, fa\u00fcltet\u00e9sr\u0151l &#8211; mindezt&hellip;","_links":{"self":[{"href":"https:\/\/atalakulo.hu\/holnap\/civilla\/wp-json\/wp\/v2\/posts\/881","targetHints":{"allow":["GET"]}}],"collection":[{"href":"https:\/\/atalakulo.hu\/holnap\/civilla\/wp-json\/wp\/v2\/posts"}],"about":[{"href":"https:\/\/atalakulo.hu\/holnap\/civilla\/wp-json\/wp\/v2\/types\/post"}],"author":[{"embeddable":true,"href":"https:\/\/atalakulo.hu\/holnap\/civilla\/wp-json\/wp\/v2\/users\/27"}],"replies":[{"embeddable":true,"href":"https:\/\/atalakulo.hu\/holnap\/civilla\/wp-json\/wp\/v2\/comments?post=881"}],"version-history":[{"count":10,"href":"https:\/\/atalakulo.hu\/holnap\/civilla\/wp-json\/wp\/v2\/posts\/881\/revisions"}],"predecessor-version":[{"id":895,"href":"https:\/\/atalakulo.hu\/holnap\/civilla\/wp-json\/wp\/v2\/posts\/881\/revisions\/895"}],"wp:featuredmedia":[{"embeddable":true,"href":"https:\/\/atalakulo.hu\/holnap\/civilla\/wp-json\/wp\/v2\/media\/883"}],"wp:attachment":[{"href":"https:\/\/atalakulo.hu\/holnap\/civilla\/wp-json\/wp\/v2\/media?parent=881"}],"wp:term":[{"taxonomy":"category","embeddable":true,"href":"https:\/\/atalakulo.hu\/holnap\/civilla\/wp-json\/wp\/v2\/categories?post=881"},{"taxonomy":"post_tag","embeddable":true,"href":"https:\/\/atalakulo.hu\/holnap\/civilla\/wp-json\/wp\/v2\/tags?post=881"}],"curies":[{"name":"wp","href":"https:\/\/api.w.org\/{rel}","templated":true}]}}